{"id":823,"date":"2026-09-01T13:38:19","date_gmt":"2026-09-01T11:38:19","guid":{"rendered":"https:\/\/maison.com\/blog\/tailler-lauriers-roses\/"},"modified":"2026-09-01T13:38:19","modified_gmt":"2026-09-01T11:38:19","slug":"tailler-lauriers-roses","status":"publish","type":"post","link":"https:\/\/maison.com\/blog\/tailler-lauriers-roses\/","title":{"rendered":"Quand tailler les lauriers roses ?"},"content":{"rendered":"<p class=\"wp-block-paragraph\"><strong>La taille des lauriers roses s'effectue id\u00e9alement au d\u00e9but du printemps, en avril, lorsque les temp\u00e9ratures nocturnes d\u00e9passent -5\u00b0C.<\/strong> <strong>Pour les sujets en pot, la taille se pratique tous les deux ans, apr\u00e8s la floraison, fin octobre ou d\u00e9but novembre.<\/strong> <strong>La taille r\u00e9guli\u00e8re favorise une floraison plus dense et un port compact de l\u2019arbuste.<\/strong> <strong>Le rabattage est n\u00e9cessaire en mars apr\u00e8s des d\u00e9g\u00e2ts de gel, surtout pour rajeunir les sujets \u00e2g\u00e9s d\u2019au moins cinq ans.<\/strong><\/p>\n\n<h2 class=\"wp-block-heading\">Quelle p\u00e9riode privil\u00e9gier pour tailler le laurier rose en pleine terre ?<\/h2>\n\n<p class=\"wp-block-paragraph\">La p\u00e9riode la plus adapt\u00e9e pour tailler les lauriers roses en pleine terre se situe au printemps, plus pr\u00e9cis\u00e9ment au mois d\u2019avril. Cette p\u00e9riode correspond \u00e0 la fin du repos v\u00e9g\u00e9tatif, lorsque les nuits se r\u00e9chauffent au-dessus de <strong>-5\u00b0C<\/strong>, \u00e9vitant ainsi les risques de gel qui pourraient fragiliser l\u2019arbuste. Dans les r\u00e9gions au climat doux, une taille secondaire peut se pratiquer en automne, en octobre, juste apr\u00e8s la floraison.<\/p>\n\n<p class=\"wp-block-paragraph\">La taille en pleine terre n\u2019est pas obligatoire mais permet d\u2019am\u00e9liorer l\u2019entretien de l\u2019arbuste et d\u2019obtenir une floraison plus abondante ainsi qu\u2019un feuillage plus dense. Cette intervention se r\u00e9p\u00e8te en g\u00e9n\u00e9ral tous les <strong>4 \u00e0 5 ans<\/strong>, correspondant aussi au rajeunissement des branches anciennes ou ab\u00eem\u00e9es.<\/p>\n\n<figure class=\"wp-block-image size-full\"><img loading=\"lazy\" decoding=\"async\" width=\"1536\" height=\"1024\" src=\"https:\/\/maison.com\/blog\/wp-content\/uploads\/2026\/09\/Quand-tailler-les-lauriers-roses-1-1.jpg\" alt=\"d\u00e9couvrez quand et comment tailler les lauriers roses pour favoriser une croissance saine et une floraison abondante tout au long de l&#039;ann\u00e9e.\" class=\"wp-image-822\" srcset=\"https:\/\/maison.com\/blog\/wp-content\/uploads\/2026\/09\/Quand-tailler-les-lauriers-roses-1-1.jpg 1536w, https:\/\/maison.com\/blog\/wp-content\/uploads\/2026\/09\/Quand-tailler-les-lauriers-roses-1-1-300x200.jpg 300w, https:\/\/maison.com\/blog\/wp-content\/uploads\/2026\/09\/Quand-tailler-les-lauriers-roses-1-1-1024x683.jpg 1024w, https:\/\/maison.com\/blog\/wp-content\/uploads\/2026\/09\/Quand-tailler-les-lauriers-roses-1-1-768x512.jpg 768w\" sizes=\"auto, (max-width: 1536px) 100vw, 1536px\" \/><\/figure>\n\n<h3 class=\"wp-block-heading\">Quand faut-il tailler un laurier rose trop d\u00e9velopp\u00e9 ou gel\u00e9 ?<\/h3>\n\n<p class=\"wp-block-paragraph\">Lorsqu\u2019un laurier rose devient trop volumineux ou s\u2019il a subi des \u00e9pisodes de gel, il est n\u00e9cessaire de proc\u00e9der \u00e0 un rabattage en mars. Cette taille drastique permet de supprimer les bois morts ou endommag\u00e9s et de stimuler <strong>la reprise v\u00e9g\u00e9tative<\/strong>. Le rabattage convient particuli\u00e8rement aux arbustes \u00e2g\u00e9s de plus de cinq ans, assurant un entretien durable.<\/p>\n\n<p class=\"wp-block-paragraph\">Cette taille sert aussi \u00e0 contenir le d\u00e9veloppement de votre arbre, \u00e9vitant ainsi qu\u2019il ne perde en esth\u00e9tique ou en sant\u00e9.<\/p>\n\n<h2 class=\"wp-block-heading\">Comment tailler les lauriers roses en pot ou en bac ?<\/h2>\n\n<p class=\"wp-block-paragraph\">Les lauriers roses cultiv\u00e9s en pot n\u00e9cessitent une taille plus r\u00e9guli\u00e8re que ceux en pleine terre. La taille doit s\u2019effectuer tous les deux ans, g\u00e9n\u00e9ralement \u00e0 la fin de la floraison, en octobre ou d\u00e9but novembre, avant la p\u00e9riode d\u2019hivernage. Cela limite la croissance excessive et facilite l\u2019entretien hivernal.<\/p>\n\n<p class=\"wp-block-paragraph\">Cette taille saisonni\u00e8re favorise le renouvellement du bois, assure un port harmonieux de l\u2019arbuste et soutient une floraison r\u00e9guli\u00e8re. La proc\u00e9dure permet \u00e9galement de d\u00e9tecter plus facilement les rameaux faibles, secs ou mal orient\u00e9s.<\/p>\n\n<p class=\"wp-block-paragraph\">Pour un bon entretien, apportez un engrais adapt\u00e9 apr\u00e8s la taille afin d\u2019aider la plante \u00e0 r\u00e9cup\u00e9rer et \u00e0 offrir une floraison g\u00e9n\u00e9reuse l\u2019ann\u00e9e suivante.<\/p>\n\n<h3 class=\"wp-block-heading\">Quelles pr\u00e9cautions pour l'\u00e9lagage du laurier rose ?<\/h3>\n\n<p class=\"wp-block-paragraph\">Toutes les parties du laurier rose sont toxiques par ingestion, il importe donc de manipuler la taille avec des gants adapt\u00e9s. \u00c9vitez aussi les blessures et nettoyez les outils avec un d\u00e9sinfectant pour pr\u00e9venir les risques de maladies.<\/p>\n\n<p class=\"wp-block-paragraph\">Lors de la taille, commencez par couper les branches mortes, puis celles qui compromettent l\u2019a\u00e9ration et la luminosit\u00e9 de l\u2019arbuste. Ne taillez pas plus du tiers des rameaux chaque ann\u00e9e pour ne pas fragiliser la plante.<\/p>\n\n<p class=\"wp-block-paragraph\">Pour approfondir l\u2019entretien et l\u2019\u00e9claircissage des lauriers roses, vous pouvez consulter des conseils d\u00e9taill\u00e9s sur <a href=\"https:\/\/maison.com\/blog\/marc-cafe-laurier-rose\/\">l\u2019entretien du laurier rose<\/a>.<\/p>\n\n<script type=\"application\/ld+json\">\n{\"@context\":\"https:\/\/schema.org\",\"@type\":\"FAQPage\",\"mainEntity\":[{\"@type\":\"Question\",\"name\":\"Quelle est la meilleure pu00e9riode pour tailler un laurier rose en pleine terre ?\",\"acceptedAnswer\":{\"@type\":\"Answer\",\"text\":\"La taille su2019effectue idu00e9alement en avril, lorsque les nuits du00e9passent -5u00b0C, pour u00e9viter les gelu00e9es.\"}},{\"@type\":\"Question\",\"name\":\"u00c0 quelle fru00e9quence doit-on tailler un laurier rose en pot ?\",\"acceptedAnswer\":{\"@type\":\"Answer\",\"text\":\"Tous les deux ans, de pru00e9fu00e9rence apru00e8s la floraison, en octobre ou novembre.\"}},{\"@type\":\"Question\",\"name\":\"Peut-on tailler un laurier rose apru00e8s un u00e9pisode de gel ?\",\"acceptedAnswer\":{\"@type\":\"Answer\",\"text\":\"Oui, un rabattage en mars est conseillu00e9 pour supprimer les parties endommagu00e9es.\"}}]}\n<\/script>\n<h3>Quelle est la meilleure p\u00e9riode pour tailler un laurier rose en pleine terre ?<\/h3>\n<p>La taille s\u2019effectue id\u00e9alement en avril, lorsque les nuits d\u00e9passent -5\u00b0C, pour \u00e9viter les gel\u00e9es.<\/p>\n<h3>\u00c0 quelle fr\u00e9quence doit-on tailler un laurier rose en pot ?<\/h3>\n<p>Tous les deux ans, de pr\u00e9f\u00e9rence apr\u00e8s la floraison, en octobre ou novembre.<\/p>\n<h3>Peut-on tailler un laurier rose apr\u00e8s un \u00e9pisode de gel ?<\/h3>\n<p>Oui, un rabattage en mars est conseill\u00e9 pour supprimer les parties endommag\u00e9es.<\/p>\n\n","protected":false},"excerpt":{"rendered":"<p>La taille des lauriers roses s'effectue id\u00e9alement au d\u00e9but du printemps, en avril, lorsque les temp\u00e9ratures nocturnes d\u00e9passent -5\u00b0C. Pour les sujets en pot, la taille se pratique tous les deux ans, apr\u00e8s la floraison, fin octobre ou d\u00e9but novembre. La taille r\u00e9guli\u00e8re favorise une floraison plus dense et un port compact de l\u2019arbuste. Le [&hellip;]<\/p>\n","protected":false},"author":1,"featured_media":821,"comment_status":"","ping_status":"","sticky":false,"template":"","format":"standard","meta":{"footnotes":""},"categories":[5],"tags":[],"class_list":["post-823","post","type-post","status-publish","format-standard","has-post-thumbnail","hentry","category-jardin"],"yoast_head":"<!-- This site is optimized with the Yoast SEO plugin v28.3 - https:\/\/yoast.com\/product\/yoast-seo-wordpress\/ -->\n<title>Quand tailler les lauriers roses ? - Blog Maison.com<\/title>\n<meta name=\"description\" content=\"D\u00e9couvrez quand tailler les lauriers roses pour favoriser une floraison abondante et garder vos arbustes en pleine sant\u00e9 toute l&#039;ann\u00e9e.\" \/>\n<meta name=\"robots\" content=\"index, follow, max-snippet:-1, max-image-preview:large, max-video-preview:-1\" \/>\n<link rel=\"canonical\" href=\"https:\/\/maison.com\/blog\/tailler-lauriers-roses\/\" \/>\n<meta property=\"og:locale\" content=\"fr_FR\" \/>\n<meta property=\"og:type\" content=\"article\" \/>\n<meta property=\"og:title\" content=\"Quand tailler les lauriers roses ? - Blog Maison.com\" \/>\n<meta property=\"og:description\" content=\"D\u00e9couvrez quand tailler les lauriers roses pour favoriser une floraison abondante et garder vos arbustes en pleine sant\u00e9 toute l&#039;ann\u00e9e.\" \/>\n<meta property=\"og:url\" content=\"https:\/\/maison.com\/blog\/tailler-lauriers-roses\/\" \/>\n<meta property=\"og:site_name\" content=\"Blog Maison.com\" \/>\n<meta property=\"article:published_time\" content=\"2026-09-01T11:38:19+00:00\" \/>\n<meta property=\"og:image\" content=\"https:\/\/maison.com\/blog\/wp-content\/uploads\/2026\/09\/Quand-tailler-les-lauriers-roses-.jpg\" \/>\n\t<meta property=\"og:image:width\" content=\"1536\" \/>\n\t<meta property=\"og:image:height\" content=\"1024\" \/>\n\t<meta property=\"og:image:type\" content=\"image\/jpeg\" \/>\n<meta name=\"author\" content=\"Estelle\" \/>\n<meta name=\"twitter:card\" content=\"summary_large_image\" \/>\n<meta name=\"twitter:label1\" content=\"\u00c9crit par\" \/>\n\t<meta name=\"twitter:data1\" content=\"Estelle\" \/>\n\t<meta name=\"twitter:label2\" content=\"Dur\u00e9e de lecture estim\u00e9e\" \/>\n\t<meta name=\"twitter:data2\" content=\"3 minutes\" \/>\n<script type=\"application\/ld+json\" class=\"yoast-schema-graph\">{\"@context\":\"https:\\\/\\\/schema.org\",\"@graph\":[{\"@type\":\"Article\",\"@id\":\"https:\\\/\\\/maison.com\\\/blog\\\/tailler-lauriers-roses\\\/#article\",\"isPartOf\":{\"@id\":\"https:\\\/\\\/maison.com\\\/blog\\\/tailler-lauriers-roses\\\/\"},\"author\":{\"name\":\"Estelle\",\"@id\":\"https:\\\/\\\/maison.com\\\/blog\\\/#\\\/schema\\\/person\\\/f36f345acc4c7826cbd50f2a1818e74d\"},\"headline\":\"Quand tailler les lauriers roses ?\",\"datePublished\":\"2026-09-01T11:38:19+00:00\",\"mainEntityOfPage\":{\"@id\":\"https:\\\/\\\/maison.com\\\/blog\\\/tailler-lauriers-roses\\\/\"},\"wordCount\":685,\"image\":{\"@id\":\"https:\\\/\\\/maison.com\\\/blog\\\/tailler-lauriers-roses\\\/#primaryimage\"},\"thumbnailUrl\":\"https:\\\/\\\/maison.com\\\/blog\\\/wp-content\\\/uploads\\\/2026\\\/09\\\/Quand-tailler-les-lauriers-roses-.jpg\",\"articleSection\":[\"Jardin\"],\"inLanguage\":\"fr-FR\"},{\"@type\":\"WebPage\",\"@id\":\"https:\\\/\\\/maison.com\\\/blog\\\/tailler-lauriers-roses\\\/\",\"url\":\"https:\\\/\\\/maison.com\\\/blog\\\/tailler-lauriers-roses\\\/\",\"name\":\"Quand tailler les lauriers roses ? - Blog Maison.com\",\"isPartOf\":{\"@id\":\"https:\\\/\\\/maison.com\\\/blog\\\/#website\"},\"primaryImageOfPage\":{\"@id\":\"https:\\\/\\\/maison.com\\\/blog\\\/tailler-lauriers-roses\\\/#primaryimage\"},\"image\":{\"@id\":\"https:\\\/\\\/maison.com\\\/blog\\\/tailler-lauriers-roses\\\/#primaryimage\"},\"thumbnailUrl\":\"https:\\\/\\\/maison.com\\\/blog\\\/wp-content\\\/uploads\\\/2026\\\/09\\\/Quand-tailler-les-lauriers-roses-.jpg\",\"datePublished\":\"2026-09-01T11:38:19+00:00\",\"author\":{\"@id\":\"https:\\\/\\\/maison.com\\\/blog\\\/#\\\/schema\\\/person\\\/f36f345acc4c7826cbd50f2a1818e74d\"},\"description\":\"D\u00e9couvrez quand tailler les lauriers roses pour favoriser une floraison abondante et garder vos arbustes en pleine sant\u00e9 toute l'ann\u00e9e.\",\"breadcrumb\":{\"@id\":\"https:\\\/\\\/maison.com\\\/blog\\\/tailler-lauriers-roses\\\/#breadcrumb\"},\"inLanguage\":\"fr-FR\",\"potentialAction\":[{\"@type\":\"ReadAction\",\"target\":[\"https:\\\/\\\/maison.com\\\/blog\\\/tailler-lauriers-roses\\\/\"]}]},{\"@type\":\"ImageObject\",\"inLanguage\":\"fr-FR\",\"@id\":\"https:\\\/\\\/maison.com\\\/blog\\\/tailler-lauriers-roses\\\/#primaryimage\",\"url\":\"https:\\\/\\\/maison.com\\\/blog\\\/wp-content\\\/uploads\\\/2026\\\/09\\\/Quand-tailler-les-lauriers-roses-.jpg\",\"contentUrl\":\"https:\\\/\\\/maison.com\\\/blog\\\/wp-content\\\/uploads\\\/2026\\\/09\\\/Quand-tailler-les-lauriers-roses-.jpg\",\"width\":1536,\"height\":1024,\"caption\":\"d\u00e9couvrez le meilleur moment pour tailler vos lauriers roses afin d'assurer une belle floraison et une croissance saine.\"},{\"@type\":\"BreadcrumbList\",\"@id\":\"https:\\\/\\\/maison.com\\\/blog\\\/tailler-lauriers-roses\\\/#breadcrumb\",\"itemListElement\":[{\"@type\":\"ListItem\",\"position\":1,\"name\":\"Accueil\",\"item\":\"https:\\\/\\\/maison.com\\\/blog\\\/\"},{\"@type\":\"ListItem\",\"position\":2,\"name\":\"Quand tailler les lauriers roses ?\"}]},{\"@type\":\"WebSite\",\"@id\":\"https:\\\/\\\/maison.com\\\/blog\\\/#website\",\"url\":\"https:\\\/\\\/maison.com\\\/blog\\\/\",\"name\":\"Blog Maison.com\",\"description\":\"\",\"potentialAction\":[{\"@type\":\"SearchAction\",\"target\":{\"@type\":\"EntryPoint\",\"urlTemplate\":\"https:\\\/\\\/maison.com\\\/blog\\\/?s={search_term_string}\"},\"query-input\":{\"@type\":\"PropertyValueSpecification\",\"valueRequired\":true,\"valueName\":\"search_term_string\"}}],\"inLanguage\":\"fr-FR\"},{\"@type\":\"Person\",\"@id\":\"https:\\\/\\\/maison.com\\\/blog\\\/#\\\/schema\\\/person\\\/f36f345acc4c7826cbd50f2a1818e74d\",\"name\":\"Estelle\",\"image\":{\"@type\":\"ImageObject\",\"inLanguage\":\"fr-FR\",\"@id\":\"https:\\\/\\\/secure.gravatar.com\\\/avatar\\\/527e323e730b20c61af29436a56262bbb4a3e4ffb0660b4bf78d3ff690bf02c1?s=96&d=mm&r=g\",\"url\":\"https:\\\/\\\/secure.gravatar.com\\\/avatar\\\/527e323e730b20c61af29436a56262bbb4a3e4ffb0660b4bf78d3ff690bf02c1?s=96&d=mm&r=g\",\"contentUrl\":\"https:\\\/\\\/secure.gravatar.com\\\/avatar\\\/527e323e730b20c61af29436a56262bbb4a3e4ffb0660b4bf78d3ff690bf02c1?s=96&d=mm&r=g\",\"caption\":\"Estelle\"},\"sameAs\":[\"https:\\\/\\\/maison.com\\\/blog\"],\"url\":\"https:\\\/\\\/maison.com\\\/blog\\\/author\\\/scunadmin\\\/\"}]}<\/script>\n<!-- \/ Yoast SEO plugin. -->","yoast_head_json":{"title":"Quand tailler les lauriers roses ? - Blog Maison.com","description":"D\u00e9couvrez quand tailler les lauriers roses pour favoriser une floraison abondante et garder vos arbustes en pleine sant\u00e9 toute l'ann\u00e9e.","robots":{"index":"index","follow":"follow","max-snippet":"max-snippet:-1","max-image-preview":"max-image-preview:large","max-video-preview":"max-video-preview:-1"},"canonical":"https:\/\/maison.com\/blog\/tailler-lauriers-roses\/","og_locale":"fr_FR","og_type":"article","og_title":"Quand tailler les lauriers roses ? - Blog Maison.com","og_description":"D\u00e9couvrez quand tailler les lauriers roses pour favoriser une floraison abondante et garder vos arbustes en pleine sant\u00e9 toute l'ann\u00e9e.","og_url":"https:\/\/maison.com\/blog\/tailler-lauriers-roses\/","og_site_name":"Blog Maison.com","article_published_time":"2026-09-01T11:38:19+00:00","og_image":[{"width":1536,"height":1024,"url":"https:\/\/maison.com\/blog\/wp-content\/uploads\/2026\/09\/Quand-tailler-les-lauriers-roses-.jpg","type":"image\/jpeg"}],"author":"Estelle","twitter_card":"summary_large_image","twitter_misc":{"\u00c9crit par":"Estelle","Dur\u00e9e de lecture estim\u00e9e":"3 minutes"},"schema":{"@context":"https:\/\/schema.org","@graph":[{"@type":"Article","@id":"https:\/\/maison.com\/blog\/tailler-lauriers-roses\/#article","isPartOf":{"@id":"https:\/\/maison.com\/blog\/tailler-lauriers-roses\/"},"author":{"name":"Estelle","@id":"https:\/\/maison.com\/blog\/#\/schema\/person\/f36f345acc4c7826cbd50f2a1818e74d"},"headline":"Quand tailler les lauriers roses ?","datePublished":"2026-09-01T11:38:19+00:00","mainEntityOfPage":{"@id":"https:\/\/maison.com\/blog\/tailler-lauriers-roses\/"},"wordCount":685,"image":{"@id":"https:\/\/maison.com\/blog\/tailler-lauriers-roses\/#primaryimage"},"thumbnailUrl":"https:\/\/maison.com\/blog\/wp-content\/uploads\/2026\/09\/Quand-tailler-les-lauriers-roses-.jpg","articleSection":["Jardin"],"inLanguage":"fr-FR"},{"@type":"WebPage","@id":"https:\/\/maison.com\/blog\/tailler-lauriers-roses\/","url":"https:\/\/maison.com\/blog\/tailler-lauriers-roses\/","name":"Quand tailler les lauriers roses ? - Blog Maison.com","isPartOf":{"@id":"https:\/\/maison.com\/blog\/#website"},"primaryImageOfPage":{"@id":"https:\/\/maison.com\/blog\/tailler-lauriers-roses\/#primaryimage"},"image":{"@id":"https:\/\/maison.com\/blog\/tailler-lauriers-roses\/#primaryimage"},"thumbnailUrl":"https:\/\/maison.com\/blog\/wp-content\/uploads\/2026\/09\/Quand-tailler-les-lauriers-roses-.jpg","datePublished":"2026-09-01T11:38:19+00:00","author":{"@id":"https:\/\/maison.com\/blog\/#\/schema\/person\/f36f345acc4c7826cbd50f2a1818e74d"},"description":"D\u00e9couvrez quand tailler les lauriers roses pour favoriser une floraison abondante et garder vos arbustes en pleine sant\u00e9 toute l'ann\u00e9e.","breadcrumb":{"@id":"https:\/\/maison.com\/blog\/tailler-lauriers-roses\/#breadcrumb"},"inLanguage":"fr-FR","potentialAction":[{"@type":"ReadAction","target":["https:\/\/maison.com\/blog\/tailler-lauriers-roses\/"]}]},{"@type":"ImageObject","inLanguage":"fr-FR","@id":"https:\/\/maison.com\/blog\/tailler-lauriers-roses\/#primaryimage","url":"https:\/\/maison.com\/blog\/wp-content\/uploads\/2026\/09\/Quand-tailler-les-lauriers-roses-.jpg","contentUrl":"https:\/\/maison.com\/blog\/wp-content\/uploads\/2026\/09\/Quand-tailler-les-lauriers-roses-.jpg","width":1536,"height":1024,"caption":"d\u00e9couvrez le meilleur moment pour tailler vos lauriers roses afin d'assurer une belle floraison et une croissance saine."},{"@type":"BreadcrumbList","@id":"https:\/\/maison.com\/blog\/tailler-lauriers-roses\/#breadcrumb","itemListElement":[{"@type":"ListItem","position":1,"name":"Accueil","item":"https:\/\/maison.com\/blog\/"},{"@type":"ListItem","position":2,"name":"Quand tailler les lauriers roses ?"}]},{"@type":"WebSite","@id":"https:\/\/maison.com\/blog\/#website","url":"https:\/\/maison.com\/blog\/","name":"Blog Maison.com","description":"","potentialAction":[{"@type":"SearchAction","target":{"@type":"EntryPoint","urlTemplate":"https:\/\/maison.com\/blog\/?s={search_term_string}"},"query-input":{"@type":"PropertyValueSpecification","valueRequired":true,"valueName":"search_term_string"}}],"inLanguage":"fr-FR"},{"@type":"Person","@id":"https:\/\/maison.com\/blog\/#\/schema\/person\/f36f345acc4c7826cbd50f2a1818e74d","name":"Estelle","image":{"@type":"ImageObject","inLanguage":"fr-FR","@id":"https:\/\/secure.gravatar.com\/avatar\/527e323e730b20c61af29436a56262bbb4a3e4ffb0660b4bf78d3ff690bf02c1?s=96&d=mm&r=g","url":"https:\/\/secure.gravatar.com\/avatar\/527e323e730b20c61af29436a56262bbb4a3e4ffb0660b4bf78d3ff690bf02c1?s=96&d=mm&r=g","contentUrl":"https:\/\/secure.gravatar.com\/avatar\/527e323e730b20c61af29436a56262bbb4a3e4ffb0660b4bf78d3ff690bf02c1?s=96&d=mm&r=g","caption":"Estelle"},"sameAs":["https:\/\/maison.com\/blog"],"url":"https:\/\/maison.com\/blog\/author\/scunadmin\/"}]}},"_links":{"self":[{"href":"https:\/\/maison.com\/blog\/wp-json\/wp\/v2\/posts\/823","targetHints":{"allow":["GET"]}}],"collection":[{"href":"https:\/\/maison.com\/blog\/wp-json\/wp\/v2\/posts"}],"about":[{"href":"https:\/\/maison.com\/blog\/wp-json\/wp\/v2\/types\/post"}],"author":[{"embeddable":true,"href":"https:\/\/maison.com\/blog\/wp-json\/wp\/v2\/users\/1"}],"replies":[{"embeddable":true,"href":"https:\/\/maison.com\/blog\/wp-json\/wp\/v2\/comments?post=823"}],"version-history":[{"count":0,"href":"https:\/\/maison.com\/blog\/wp-json\/wp\/v2\/posts\/823\/revisions"}],"wp:featuredmedia":[{"embeddable":true,"href":"https:\/\/maison.com\/blog\/wp-json\/wp\/v2\/media\/821"}],"wp:attachment":[{"href":"https:\/\/maison.com\/blog\/wp-json\/wp\/v2\/media?parent=823"}],"wp:term":[{"taxonomy":"category","embeddable":true,"href":"https:\/\/maison.com\/blog\/wp-json\/wp\/v2\/categories?post=823"},{"taxonomy":"post_tag","embeddable":true,"href":"https:\/\/maison.com\/blog\/wp-json\/wp\/v2\/tags?post=823"}],"curies":[{"name":"wp","href":"https:\/\/api.w.org\/{rel}","templated":true}]}}