{"id":69,"date":"2025-09-25T11:29:10","date_gmt":"2025-09-25T09:29:10","guid":{"rendered":"https:\/\/blog.maison.com\/?p=69"},"modified":"2025-10-30T09:51:47","modified_gmt":"2025-10-30T08:51:47","slug":"decorer-appartement-masculin","status":"publish","type":"post","link":"https:\/\/maison.com\/blog\/decorer-appartement-masculin\/","title":{"rendered":"D\u00e9corer un appartement au masculin : tons sourds et textures chaleureuses"},"content":{"rendered":"\r\n<p>Cr\u00e9er un appartement masculin sophistiqu\u00e9 passe par des couleurs profondes, du mobilier structur\u00e9, et des textiles g\u00e9n\u00e9reux. En 2025, 64 % des am\u00e9nagements masculins privil\u00e9gient des palettes sourdes (par exemple anthracite, bleu min\u00e9ral, kaki), combin\u00e9es \u00e0 des mat\u00e9riaux bruts (bois massif, cuir, laine \u00e9paisse), selon une \u00e9tude C\u00f4t\u00e9 Maison. Un int\u00e9rieur sign\u00e9 Maisons du Monde ou BoConcept, structur\u00e9 en zones fonctionnelles et d\u00e9cor\u00e9 de textures franches, suscite imm\u00e9diatement une atmosph\u00e8re chaleureuse sans sacrifier la personnalit\u00e9. D\u00e9couvrez des solutions pr\u00e9cises et accessibles pour transformer chaque espace, quel que soit le budget.<\/p>\r\n\r\n\r\n\r\n<h2 class=\"wp-block-heading\">Tons sourds et mati\u00e8res : les bases d\u2019une d\u00e9co masculine r\u00e9ussie<\/h2>\r\n\r\n\r\n\r\n<p>Les appartements masculins actuels s\u2019articulent autour de couleurs sobres et profondes, alli\u00e9es \u00e0 un jeu de mati\u00e8res textur\u00e9es. Un mur bleu p\u00e9trole ou gris taupe sign\u00e9 <strong>La Redoute Int\u00e9rieurs<\/strong> apporte un caract\u00e8re imm\u00e9diat, alors qu\u2019une tapisserie en velours (<strong>Habitat<\/strong>) r\u00e9chauffe naturellement le salon. Privil\u00e9gier ce contraste mati\u00e8re-couleur optimise l\u2019ambiance, surtout dans les surfaces de moins de 60 m\u00b2, o\u00f9 chaque choix doit allier style et fonctionnalit\u00e9.<\/p>\r\n\r\n\r\n\r\n\r\n\r\n<ul class=\"wp-block-list\">\r\n<li>Peinture murale tons sourds : 1 \u00e0 2 h par mur, 35 \u00e0 50 \u20ac\/pot (2,5 L, label A+)<\/li>\r\n\r\n\r\n\r\n<li>Sofa cuir ou velours : 600 \u00e0 1200 \u20ac chez BoConcept, dur\u00e9e de vie moyenne 10 ans<\/li>\r\n\r\n\r\n\r\n<li>Rideaux laine \u00e9paisse : 60 \u00e0 100 \u20ac le panneau chez Maisons du Monde ou Cyrillus Maison<\/li>\r\n\r\n\r\n\r\n<li>Tapis structur\u00e9 (laine, jute) : 120 \u00e0 250 \u20ac, entretien annuel recommand\u00e9<\/li>\r\n\r\n\r\n\r\n<li>Suspensions tissu ou m\u00e9tal : 90 \u00e0 250 \u20ac, compatible ampoules basse conso<\/li>\r\n<\/ul>\r\n<p><img loading=\"lazy\" decoding=\"async\" class=\"size-full wp-image-76 aligncenter\" src=\"https:\/\/maison.com\/blog\/wp-content\/uploads\/2025\/09\/home-1622401_640.jpg\" alt=\"\" width=\"640\" height=\"427\" srcset=\"https:\/\/maison.com\/blog\/wp-content\/uploads\/2025\/09\/home-1622401_640.jpg 640w, https:\/\/maison.com\/blog\/wp-content\/uploads\/2025\/09\/home-1622401_640-300x200.jpg 300w\" sizes=\"auto, (max-width: 640px) 100vw, 640px\" \/><\/p>\r\n\r\n\r\n\r\n<h3 class=\"wp-block-heading\">S\u00e9parer les espaces pour plus de confort<\/h3>\r\n\r\n\r\n\r\n<p>Distinguer visuellement les fonctions d\u2019un appartement compact renforce l\u2019impression de ma\u00eetrise et de confort. Un claustra bois massif sign\u00e9 Drawer ou une biblioth\u00e8que fa\u00e7on Ferm Living isole un coin lecture ou t\u00e9l\u00e9travail, sans encombrer visuellement. Un choix pertinent pour les surfaces entre 30 et 70 m\u00b2, o\u00f9 chaque m\u00e8tre gagne en valeur si bien d\u00e9limit\u00e9.<\/p>\r\n\r\n\r\n\r\n<ul class=\"wp-block-list\">\r\n<li>Cloison mobile LOBERON : 180 \u00e0 350 \u20ac, montage rapide (1h)<\/li>\r\n\r\n\r\n\r\n<li>Biblioth\u00e8que ouverte Ferm Living : entre 390 et 650 \u20ac, design l\u00e9ger<\/li>\r\n\r\n\r\n\r\n<li>Tapis de zone AM.PM. : 140 \u00e0 200 \u20ac, facilite la d\u00e9limitation de l\u2019espace<\/li>\r\n<\/ul>\r\n\r\n\r\n\r\n<p>Le choix de couleurs sourdes pour chaque \u00ab zone \u00bb instaure une coh\u00e9rence. Par exemple, un espace nuit en gris charbon contraste subtilement avec un coin bureau en kaki ou bleu encre, selon la lumi\u00e8re naturelle disponible.<\/p>\r\n\r\n\r\n\r\n<h2 class=\"wp-block-heading\">Textiles chaleureux et accessoires : la touche cosy sans fausse note<\/h2>\r\n\r\n\r\n\r\n<p>Multiplier les sources de chaleur visuelle via des textiles \u00e9pais ou des accessoires structur\u00e9s dynamise l\u2019ambiance. Un salon tapiss\u00e9 de coussins laine (<strong>Maison Sarah Lavoine<\/strong>, 40 \u00e0 85 \u20ac\/pi\u00e8ce) ou d\u2019un plaid maille XXL (<strong>AM.PM.<\/strong>, 60 \u00e0 120 \u20ac), adoucit instantan\u00e9ment la sobri\u00e9t\u00e9 des lignes masculines. Outre l\u2019aspect confort, ces \u00e9l\u00e9ments am\u00e9liorent \u00e9galement l\u2019acoustique, facteur indispensable dans les T2 et studios \u00e0 plafond haut.<\/p>\r\n\r\n\r\n\r\n\r\n\r\n<ul class=\"wp-block-list\">\r\n<li>Housse de coussin laine AM.PM. : 45 \u00e0 75 \u20ac, lavable en machine<\/li>\r\n\r\n\r\n\r\n<li>Plaid XXL coton Cyrillus Maison : 60 \u00e0 110 \u20ac, r\u00e9sistance prouv\u00e9e sur 3 ans<\/li>\r\n\r\n\r\n\r\n<li>Luminaires tissu doux : 85 \u00e0 190 \u20ac, apporte une lumi\u00e8re tamis\u00e9e<\/li>\r\n\r\n\r\n\r\n<li>Art mural abstrait La Redoute Int\u00e9rieurs : 70 \u00e0 210 \u20ac, formats personnalisables<\/li>\r\n\r\n\r\n\r\n<li>Panier rotin Ferm Living : 35 \u00e0 60 \u20ac, rangement d\u00e9co polyvalent<\/li>\r\n<\/ul>\r\n\r\n\r\n\r\n<p>Pour aller plus loin, jouer sur les contrastes entre textures (laine, cuir, c\u00e9ramique, bois brut) g\u00e9n\u00e8re de la profondeur. Dans la chambre de Denis, fictif passionn\u00e9 de design urbain, une t\u00eate de lit grise (Maison Sarah Lavoine) accentue l\u2019effet cocon, second\u00e9e par un panneau mural textile (Maison du Monde) qui amortit le son.<\/p>\r\n\r\n\r\n\r\n<p>Un dernier conseil : alterner mati\u00e8res mates et brillantes r\u00e9v\u00e8le mieux les perspectives. Quelques accessoires cibl\u00e9s (<strong>vase en m\u00e9tal bross\u00e9 chez Habitat, lampe graphit\u00e9e BoConcept<\/strong>) cr\u00e9ent un \u00e9quilibre subtil entre chaleur et raffinement sobre.<\/p>\r\n","protected":false},"excerpt":{"rendered":"<p>Cr\u00e9er un appartement masculin sophistiqu\u00e9 passe par des couleurs profondes, du mobilier structur\u00e9, et des textiles g\u00e9n\u00e9reux. En 2025, 64 % des am\u00e9nagements masculins privil\u00e9gient des palettes sourdes (par exemple anthracite, bleu min\u00e9ral, kaki), combin\u00e9es \u00e0 des mat\u00e9riaux bruts (bois massif, cuir, laine \u00e9paisse), selon une \u00e9tude C\u00f4t\u00e9 Maison. Un int\u00e9rieur sign\u00e9 Maisons du Monde [&hellip;]<\/p>\n","protected":false},"author":1,"featured_media":190,"comment_status":"open","ping_status":"open","sticky":false,"template":"","format":"standard","meta":{"footnotes":""},"categories":[2],"tags":[],"class_list":["post-69","post","type-post","status-publish","format-standard","has-post-thumbnail","hentry","category-decoration"],"yoast_head":"<!-- This site is optimized with the Yoast SEO plugin v27.5 - https:\/\/yoast.com\/product\/yoast-seo-wordpress\/ -->\n<title>D\u00e9corer un appartement au masculin : tons sourds et textures chaleureuses - Blog Maison.com<\/title>\n<meta name=\"description\" content=\"D\u00e9couvrez comment d\u00e9corer un appartement masculin avec des tons sourds et des textures chaleureuses pour un int\u00e9rieur chic et confortable.\" \/>\n<meta name=\"robots\" content=\"index, follow, max-snippet:-1, max-image-preview:large, max-video-preview:-1\" \/>\n<link rel=\"canonical\" href=\"https:\/\/maison.com\/blog\/decorer-appartement-masculin\/\" \/>\n<meta property=\"og:locale\" content=\"fr_FR\" \/>\n<meta property=\"og:type\" content=\"article\" \/>\n<meta property=\"og:title\" content=\"D\u00e9corer un appartement au masculin : tons sourds et textures chaleureuses - Blog Maison.com\" \/>\n<meta property=\"og:description\" content=\"D\u00e9couvrez comment d\u00e9corer un appartement masculin avec des tons sourds et des textures chaleureuses pour un int\u00e9rieur chic et confortable.\" \/>\n<meta property=\"og:url\" content=\"https:\/\/maison.com\/blog\/decorer-appartement-masculin\/\" \/>\n<meta property=\"og:site_name\" content=\"Blog Maison.com\" \/>\n<meta property=\"article:published_time\" content=\"2025-09-25T09:29:10+00:00\" \/>\n<meta property=\"article:modified_time\" content=\"2025-10-30T08:51:47+00:00\" \/>\n<meta property=\"og:image\" content=\"https:\/\/maison.com\/blog\/wp-content\/uploads\/2025\/09\/Decorer-un-appartement-masculin-avec-du-caractere.webp\" \/>\n\t<meta property=\"og:image:width\" content=\"1536\" \/>\n\t<meta property=\"og:image:height\" content=\"1024\" \/>\n\t<meta property=\"og:image:type\" content=\"image\/webp\" \/>\n<meta name=\"author\" content=\"Estelle\" \/>\n<meta name=\"twitter:card\" content=\"summary_large_image\" \/>\n<meta name=\"twitter:label1\" content=\"\u00c9crit par\" \/>\n\t<meta name=\"twitter:data1\" content=\"Estelle\" \/>\n\t<meta name=\"twitter:label2\" content=\"Dur\u00e9e de lecture estim\u00e9e\" \/>\n\t<meta name=\"twitter:data2\" content=\"4 minutes\" \/>\n<script type=\"application\/ld+json\" class=\"yoast-schema-graph\">{\"@context\":\"https:\\\/\\\/schema.org\",\"@graph\":[{\"@type\":\"Article\",\"@id\":\"https:\\\/\\\/maison.com\\\/blog\\\/decorer-appartement-masculin\\\/#article\",\"isPartOf\":{\"@id\":\"https:\\\/\\\/maison.com\\\/blog\\\/decorer-appartement-masculin\\\/\"},\"author\":{\"name\":\"Estelle\",\"@id\":\"https:\\\/\\\/maison.com\\\/blog\\\/#\\\/schema\\\/person\\\/f36f345acc4c7826cbd50f2a1818e74d\"},\"headline\":\"D\u00e9corer un appartement au masculin : tons sourds et textures chaleureuses\",\"datePublished\":\"2025-09-25T09:29:10+00:00\",\"dateModified\":\"2025-10-30T08:51:47+00:00\",\"mainEntityOfPage\":{\"@id\":\"https:\\\/\\\/maison.com\\\/blog\\\/decorer-appartement-masculin\\\/\"},\"wordCount\":611,\"commentCount\":0,\"image\":{\"@id\":\"https:\\\/\\\/maison.com\\\/blog\\\/decorer-appartement-masculin\\\/#primaryimage\"},\"thumbnailUrl\":\"https:\\\/\\\/maison.com\\\/blog\\\/wp-content\\\/uploads\\\/2025\\\/09\\\/Decorer-un-appartement-masculin-avec-du-caractere.webp\",\"articleSection\":[\"D\u00e9coration\"],\"inLanguage\":\"fr-FR\",\"potentialAction\":[{\"@type\":\"CommentAction\",\"name\":\"Comment\",\"target\":[\"https:\\\/\\\/maison.com\\\/blog\\\/decorer-appartement-masculin\\\/#respond\"]}]},{\"@type\":\"WebPage\",\"@id\":\"https:\\\/\\\/maison.com\\\/blog\\\/decorer-appartement-masculin\\\/\",\"url\":\"https:\\\/\\\/maison.com\\\/blog\\\/decorer-appartement-masculin\\\/\",\"name\":\"D\u00e9corer un appartement au masculin : tons sourds et textures chaleureuses - Blog Maison.com\",\"isPartOf\":{\"@id\":\"https:\\\/\\\/maison.com\\\/blog\\\/#website\"},\"primaryImageOfPage\":{\"@id\":\"https:\\\/\\\/maison.com\\\/blog\\\/decorer-appartement-masculin\\\/#primaryimage\"},\"image\":{\"@id\":\"https:\\\/\\\/maison.com\\\/blog\\\/decorer-appartement-masculin\\\/#primaryimage\"},\"thumbnailUrl\":\"https:\\\/\\\/maison.com\\\/blog\\\/wp-content\\\/uploads\\\/2025\\\/09\\\/Decorer-un-appartement-masculin-avec-du-caractere.webp\",\"datePublished\":\"2025-09-25T09:29:10+00:00\",\"dateModified\":\"2025-10-30T08:51:47+00:00\",\"author\":{\"@id\":\"https:\\\/\\\/maison.com\\\/blog\\\/#\\\/schema\\\/person\\\/f36f345acc4c7826cbd50f2a1818e74d\"},\"description\":\"D\u00e9couvrez comment d\u00e9corer un appartement masculin avec des tons sourds et des textures chaleureuses pour un int\u00e9rieur chic et confortable.\",\"breadcrumb\":{\"@id\":\"https:\\\/\\\/maison.com\\\/blog\\\/decorer-appartement-masculin\\\/#breadcrumb\"},\"inLanguage\":\"fr-FR\",\"potentialAction\":[{\"@type\":\"ReadAction\",\"target\":[\"https:\\\/\\\/maison.com\\\/blog\\\/decorer-appartement-masculin\\\/\"]}]},{\"@type\":\"ImageObject\",\"inLanguage\":\"fr-FR\",\"@id\":\"https:\\\/\\\/maison.com\\\/blog\\\/decorer-appartement-masculin\\\/#primaryimage\",\"url\":\"https:\\\/\\\/maison.com\\\/blog\\\/wp-content\\\/uploads\\\/2025\\\/09\\\/Decorer-un-appartement-masculin-avec-du-caractere.webp\",\"contentUrl\":\"https:\\\/\\\/maison.com\\\/blog\\\/wp-content\\\/uploads\\\/2025\\\/09\\\/Decorer-un-appartement-masculin-avec-du-caractere.webp\",\"width\":1536,\"height\":1024},{\"@type\":\"BreadcrumbList\",\"@id\":\"https:\\\/\\\/maison.com\\\/blog\\\/decorer-appartement-masculin\\\/#breadcrumb\",\"itemListElement\":[{\"@type\":\"ListItem\",\"position\":1,\"name\":\"Accueil\",\"item\":\"https:\\\/\\\/maison.com\\\/blog\\\/\"},{\"@type\":\"ListItem\",\"position\":2,\"name\":\"D\u00e9corer un appartement au masculin : tons sourds et textures chaleureuses\"}]},{\"@type\":\"WebSite\",\"@id\":\"https:\\\/\\\/maison.com\\\/blog\\\/#website\",\"url\":\"https:\\\/\\\/maison.com\\\/blog\\\/\",\"name\":\"Blog Maison.com\",\"description\":\"\",\"potentialAction\":[{\"@type\":\"SearchAction\",\"target\":{\"@type\":\"EntryPoint\",\"urlTemplate\":\"https:\\\/\\\/maison.com\\\/blog\\\/?s={search_term_string}\"},\"query-input\":{\"@type\":\"PropertyValueSpecification\",\"valueRequired\":true,\"valueName\":\"search_term_string\"}}],\"inLanguage\":\"fr-FR\"},{\"@type\":\"Person\",\"@id\":\"https:\\\/\\\/maison.com\\\/blog\\\/#\\\/schema\\\/person\\\/f36f345acc4c7826cbd50f2a1818e74d\",\"name\":\"Estelle\",\"image\":{\"@type\":\"ImageObject\",\"inLanguage\":\"fr-FR\",\"@id\":\"https:\\\/\\\/secure.gravatar.com\\\/avatar\\\/527e323e730b20c61af29436a56262bbb4a3e4ffb0660b4bf78d3ff690bf02c1?s=96&d=mm&r=g\",\"url\":\"https:\\\/\\\/secure.gravatar.com\\\/avatar\\\/527e323e730b20c61af29436a56262bbb4a3e4ffb0660b4bf78d3ff690bf02c1?s=96&d=mm&r=g\",\"contentUrl\":\"https:\\\/\\\/secure.gravatar.com\\\/avatar\\\/527e323e730b20c61af29436a56262bbb4a3e4ffb0660b4bf78d3ff690bf02c1?s=96&d=mm&r=g\",\"caption\":\"Estelle\"},\"sameAs\":[\"https:\\\/\\\/maison.com\\\/blog\"],\"url\":\"https:\\\/\\\/maison.com\\\/blog\\\/author\\\/scunadmin\\\/\"}]}<\/script>\n<!-- \/ Yoast SEO plugin. -->","yoast_head_json":{"title":"D\u00e9corer un appartement au masculin : tons sourds et textures chaleureuses - Blog Maison.com","description":"D\u00e9couvrez comment d\u00e9corer un appartement masculin avec des tons sourds et des textures chaleureuses pour un int\u00e9rieur chic et confortable.","robots":{"index":"index","follow":"follow","max-snippet":"max-snippet:-1","max-image-preview":"max-image-preview:large","max-video-preview":"max-video-preview:-1"},"canonical":"https:\/\/maison.com\/blog\/decorer-appartement-masculin\/","og_locale":"fr_FR","og_type":"article","og_title":"D\u00e9corer un appartement au masculin : tons sourds et textures chaleureuses - Blog Maison.com","og_description":"D\u00e9couvrez comment d\u00e9corer un appartement masculin avec des tons sourds et des textures chaleureuses pour un int\u00e9rieur chic et confortable.","og_url":"https:\/\/maison.com\/blog\/decorer-appartement-masculin\/","og_site_name":"Blog Maison.com","article_published_time":"2025-09-25T09:29:10+00:00","article_modified_time":"2025-10-30T08:51:47+00:00","og_image":[{"width":1536,"height":1024,"url":"https:\/\/maison.com\/blog\/wp-content\/uploads\/2025\/09\/Decorer-un-appartement-masculin-avec-du-caractere.webp","type":"image\/webp"}],"author":"Estelle","twitter_card":"summary_large_image","twitter_misc":{"\u00c9crit par":"Estelle","Dur\u00e9e de lecture estim\u00e9e":"4 minutes"},"schema":{"@context":"https:\/\/schema.org","@graph":[{"@type":"Article","@id":"https:\/\/maison.com\/blog\/decorer-appartement-masculin\/#article","isPartOf":{"@id":"https:\/\/maison.com\/blog\/decorer-appartement-masculin\/"},"author":{"name":"Estelle","@id":"https:\/\/maison.com\/blog\/#\/schema\/person\/f36f345acc4c7826cbd50f2a1818e74d"},"headline":"D\u00e9corer un appartement au masculin : tons sourds et textures chaleureuses","datePublished":"2025-09-25T09:29:10+00:00","dateModified":"2025-10-30T08:51:47+00:00","mainEntityOfPage":{"@id":"https:\/\/maison.com\/blog\/decorer-appartement-masculin\/"},"wordCount":611,"commentCount":0,"image":{"@id":"https:\/\/maison.com\/blog\/decorer-appartement-masculin\/#primaryimage"},"thumbnailUrl":"https:\/\/maison.com\/blog\/wp-content\/uploads\/2025\/09\/Decorer-un-appartement-masculin-avec-du-caractere.webp","articleSection":["D\u00e9coration"],"inLanguage":"fr-FR","potentialAction":[{"@type":"CommentAction","name":"Comment","target":["https:\/\/maison.com\/blog\/decorer-appartement-masculin\/#respond"]}]},{"@type":"WebPage","@id":"https:\/\/maison.com\/blog\/decorer-appartement-masculin\/","url":"https:\/\/maison.com\/blog\/decorer-appartement-masculin\/","name":"D\u00e9corer un appartement au masculin : tons sourds et textures chaleureuses - Blog Maison.com","isPartOf":{"@id":"https:\/\/maison.com\/blog\/#website"},"primaryImageOfPage":{"@id":"https:\/\/maison.com\/blog\/decorer-appartement-masculin\/#primaryimage"},"image":{"@id":"https:\/\/maison.com\/blog\/decorer-appartement-masculin\/#primaryimage"},"thumbnailUrl":"https:\/\/maison.com\/blog\/wp-content\/uploads\/2025\/09\/Decorer-un-appartement-masculin-avec-du-caractere.webp","datePublished":"2025-09-25T09:29:10+00:00","dateModified":"2025-10-30T08:51:47+00:00","author":{"@id":"https:\/\/maison.com\/blog\/#\/schema\/person\/f36f345acc4c7826cbd50f2a1818e74d"},"description":"D\u00e9couvrez comment d\u00e9corer un appartement masculin avec des tons sourds et des textures chaleureuses pour un int\u00e9rieur chic et confortable.","breadcrumb":{"@id":"https:\/\/maison.com\/blog\/decorer-appartement-masculin\/#breadcrumb"},"inLanguage":"fr-FR","potentialAction":[{"@type":"ReadAction","target":["https:\/\/maison.com\/blog\/decorer-appartement-masculin\/"]}]},{"@type":"ImageObject","inLanguage":"fr-FR","@id":"https:\/\/maison.com\/blog\/decorer-appartement-masculin\/#primaryimage","url":"https:\/\/maison.com\/blog\/wp-content\/uploads\/2025\/09\/Decorer-un-appartement-masculin-avec-du-caractere.webp","contentUrl":"https:\/\/maison.com\/blog\/wp-content\/uploads\/2025\/09\/Decorer-un-appartement-masculin-avec-du-caractere.webp","width":1536,"height":1024},{"@type":"BreadcrumbList","@id":"https:\/\/maison.com\/blog\/decorer-appartement-masculin\/#breadcrumb","itemListElement":[{"@type":"ListItem","position":1,"name":"Accueil","item":"https:\/\/maison.com\/blog\/"},{"@type":"ListItem","position":2,"name":"D\u00e9corer un appartement au masculin : tons sourds et textures chaleureuses"}]},{"@type":"WebSite","@id":"https:\/\/maison.com\/blog\/#website","url":"https:\/\/maison.com\/blog\/","name":"Blog Maison.com","description":"","potentialAction":[{"@type":"SearchAction","target":{"@type":"EntryPoint","urlTemplate":"https:\/\/maison.com\/blog\/?s={search_term_string}"},"query-input":{"@type":"PropertyValueSpecification","valueRequired":true,"valueName":"search_term_string"}}],"inLanguage":"fr-FR"},{"@type":"Person","@id":"https:\/\/maison.com\/blog\/#\/schema\/person\/f36f345acc4c7826cbd50f2a1818e74d","name":"Estelle","image":{"@type":"ImageObject","inLanguage":"fr-FR","@id":"https:\/\/secure.gravatar.com\/avatar\/527e323e730b20c61af29436a56262bbb4a3e4ffb0660b4bf78d3ff690bf02c1?s=96&d=mm&r=g","url":"https:\/\/secure.gravatar.com\/avatar\/527e323e730b20c61af29436a56262bbb4a3e4ffb0660b4bf78d3ff690bf02c1?s=96&d=mm&r=g","contentUrl":"https:\/\/secure.gravatar.com\/avatar\/527e323e730b20c61af29436a56262bbb4a3e4ffb0660b4bf78d3ff690bf02c1?s=96&d=mm&r=g","caption":"Estelle"},"sameAs":["https:\/\/maison.com\/blog"],"url":"https:\/\/maison.com\/blog\/author\/scunadmin\/"}]}},"_links":{"self":[{"href":"https:\/\/maison.com\/blog\/wp-json\/wp\/v2\/posts\/69","targetHints":{"allow":["GET"]}}],"collection":[{"href":"https:\/\/maison.com\/blog\/wp-json\/wp\/v2\/posts"}],"about":[{"href":"https:\/\/maison.com\/blog\/wp-json\/wp\/v2\/types\/post"}],"author":[{"embeddable":true,"href":"https:\/\/maison.com\/blog\/wp-json\/wp\/v2\/users\/1"}],"replies":[{"embeddable":true,"href":"https:\/\/maison.com\/blog\/wp-json\/wp\/v2\/comments?post=69"}],"version-history":[{"count":4,"href":"https:\/\/maison.com\/blog\/wp-json\/wp\/v2\/posts\/69\/revisions"}],"predecessor-version":[{"id":192,"href":"https:\/\/maison.com\/blog\/wp-json\/wp\/v2\/posts\/69\/revisions\/192"}],"wp:featuredmedia":[{"embeddable":true,"href":"https:\/\/maison.com\/blog\/wp-json\/wp\/v2\/media\/190"}],"wp:attachment":[{"href":"https:\/\/maison.com\/blog\/wp-json\/wp\/v2\/media?parent=69"}],"wp:term":[{"taxonomy":"category","embeddable":true,"href":"https:\/\/maison.com\/blog\/wp-json\/wp\/v2\/categories?post=69"},{"taxonomy":"post_tag","embeddable":true,"href":"https:\/\/maison.com\/blog\/wp-json\/wp\/v2\/tags?post=69"}],"curies":[{"name":"wp","href":"https:\/\/api.w.org\/{rel}","templated":true}]}}