{"id":67,"date":"2025-10-02T11:26:02","date_gmt":"2025-10-02T09:26:02","guid":{"rendered":"https:\/\/blog.maison.com\/?p=67"},"modified":"2025-10-30T09:52:13","modified_gmt":"2025-10-30T08:52:13","slug":"teintes-facade-gris-clair","status":"publish","type":"post","link":"https:\/\/maison.com\/blog\/teintes-facade-gris-clair\/","title":{"rendered":"Fa\u00e7ade gris clair : quelles teintes autoris\u00e9es et comment bien les choisir ?"},"content":{"rendered":"\r\n<p><strong>Peindre une fa\u00e7ade en gris clair s\u00e9duit par sa modernit\u00e9 et sa sobri\u00e9t\u00e9, mais les teintes autoris\u00e9es varient selon votre ville ou quartier. En 2025, 78 % des PLU (Plans Locaux d\u2019Urbanisme) en France imposent une gamme restreinte de couleurs \u2014 parfois un nuancier pr\u00e9cis, souvent des interdits explicites sur les extr\u00eames comme le jaune vif ou le noir charbon. Avant de choisir votre peinture Tollens, Dulux Valentine ou Sikkens, consultez imp\u00e9rativement le PLU local, surtout \u00e0 proximit\u00e9 d\u2019un monument historique ou dans un lotissement.<\/strong> Cette d\u00e9marche \u00e9vite un refus de la mairie et garantit une harmonie avec le paysage urbain. Rien n\u2019emp\u00eache d\u2019opter pour du gris clair, mais la nuance pr\u00e9cise et le rendu final d\u00e9pendent d\u2019une s\u00e9rie de crit\u00e8res : exposition, style architectural, mat\u00e9riaux et environnement.<\/p>\r\n\r\n\r\n\r\n<h2 class=\"wp-block-heading\">R\u00e8gles des PLU pour une fa\u00e7ade gris clair : quelles obligations ?<\/h2>\r\n\r\n\r\n\r\n<p><strong>Le choix du gris clair pour une fa\u00e7ade doit r\u00e9pondre \u00e0 trois contraintes majeures :<\/strong> la r\u00e9glementation communale, l\u2019int\u00e9gration architecturale et l\u2019harmonie avec le voisinage. Le PLU d\u00e9finit une palette de teintes : certaines villes imposent un gris perle, d\u2019autres acceptent le gris galet ou le gris souris.<\/p>\r\n\r\n\r\n\r\n<ul class=\"wp-block-list\">\r\n<li><strong>85 % des communes urbaines interdisent les contrastes trop tranch\u00e9s<\/strong> (source : <a href=\"https:\/\/maison.com\/blog\/?p=53\">maison.com\/blog<\/a>)<\/li>\r\n\r\n\r\n\r\n<li><strong>Gris froid conseill\u00e9 dans les quartiers contemporains<\/strong>, nuance beige-gris (greige) en centre historique<\/li>\r\n\r\n\r\n\r\n<li><strong>Devis moyens pour une fa\u00e7ade 100 m\u00b2 :<\/strong> 2 800 \u00e0 4 500 \u20ac selon la marque et le support (Tollens, Zolpan, V33, Ripolin\u2026)<\/li>\r\n\r\n\r\n\r\n<li><strong>Autorisation requise pour tout changement de couleur<\/strong>, d\u00e9claration pr\u00e9alable de travaux obligatoire<\/li>\r\n<\/ul>\r\n\r\n\r\n\r\n<p>Pr\u00e8s d\u2019une fa\u00e7ade sur deux situ\u00e9e en lotissement se voit imposer un nuancier fourni par le promoteur ou la mairie, o\u00f9 dominent le gris clair, le beige, l\u2019ivoire ou le blanc cass\u00e9. Ignorer ces consignes risque d\u2019entra\u00eener une contestation officielle, voire une obligation de repeindre \u00e0 vos frais.<\/p>\r\n\r\n\r\n\r\n\r\n\r\n<h3 class=\"wp-block-heading\">Quelles d\u00e9marches avant de peindre ou r\u00e9nover sa fa\u00e7ade ?<\/h3>\r\n\r\n\r\n\r\n<p>Le cas de Laura, propri\u00e9taire en p\u00e9riph\u00e9rie de Nantes, illustre la complexit\u00e9 de ces d\u00e9marches : apr\u00e8s avoir choisi une teinte \u201cGris Nuage\u201d chez Leroy Merlin, elle d\u00e9couvre qu\u2019un vote pr\u00e9alable en assembl\u00e9e de copropri\u00e9t\u00e9 et l\u2019accord des B\u00e2timents de France s\u2019imposent, l\u2019\u00e9cole voisine \u00e9tant class\u00e9e monument. Une coordination avec l\u2019ABF (Architecte des B\u00e2timents de France) peut ajouter 30 \u00e0 60 jours d\u2019attente et, parfois, restreindre votre projet. Les proc\u00e9dures se r\u00e9sument par ces \u00e9tapes :<\/p>\r\n\r\n\r\n\r\n<ul class=\"wp-block-list\">\r\n<li><strong>V\u00e9rifiez le PLU et le r\u00e8glement de lotissement (si pertinent)<\/strong><\/li>\r\n\r\n\r\n\r\n<li><strong>Consultez le site de votre mairie pour les chartes couleurs et nuanciers<\/strong><\/li>\r\n\r\n\r\n\r\n<li><strong>D\u00e9posez une d\u00e9claration pr\u00e9alable de travaux<\/strong> (Cerfa 13703*07)<\/li>\r\n\r\n\r\n\r\n<li><strong>Pr\u00e9parez des \u00e9chantillons de peinture<\/strong> (Ripolin, Mauler, Peintures Gauthier)<\/li>\r\n<\/ul>\r\n\r\n\r\n\r\n<p>La mairie peut exiger la correction de votre choix si la teinte ne respecte pas l\u2019harmonie impos\u00e9e. Des outils comme les simulateurs Dulux Valentine ou Sikkens facilitent la visualisation avant achat. Pour un guide pas-\u00e0-pas, voyez <a href=\"https:\/\/maison.com\/blog\/?p=59\">ce conseiller technique<\/a>.<\/p>\r\n\r\n\r\n\r\n<h2 class=\"wp-block-heading\">Adapter le gris clair \u00e0 l\u2019exposition, au style de maison et \u00e0 l\u2019environnement<\/h2>\r\n<p><img loading=\"lazy\" decoding=\"async\" class=\"alignnone size-large wp-image-183\" src=\"https:\/\/maison.com\/blog\/wp-content\/uploads\/2025\/09\/Comment-harmoniser-une-facade-gris-clair-1024x585.png\" alt=\"\" width=\"1024\" height=\"585\" srcset=\"https:\/\/maison.com\/blog\/wp-content\/uploads\/2025\/09\/Comment-harmoniser-une-facade-gris-clair-1024x585.png 1024w, https:\/\/maison.com\/blog\/wp-content\/uploads\/2025\/09\/Comment-harmoniser-une-facade-gris-clair-300x171.png 300w, https:\/\/maison.com\/blog\/wp-content\/uploads\/2025\/09\/Comment-harmoniser-une-facade-gris-clair-768x439.png 768w, https:\/\/maison.com\/blog\/wp-content\/uploads\/2025\/09\/Comment-harmoniser-une-facade-gris-clair.png 1344w\" sizes=\"auto, (max-width: 1024px) 100vw, 1024px\" \/><\/p>\r\n\r\n\r\n\r\n<p><strong>L\u2019exposition et le style architectural conditionnent la r\u00e9ussite d\u2019une fa\u00e7ade gris clair.<\/strong> Une maison au sud captera plus de lumi\u00e8re qu\u2019une fa\u00e7ade au nord ; le gris peut alors sembler plus lumineux ou, \u00e0 l\u2019inverse, trop fade si mal choisi.<\/p>\r\n\r\n\r\n\r\n<ul class=\"wp-block-list\">\r\n<li><strong>Fa\u00e7ade sud et est :<\/strong> privil\u00e9gier un gris perle ou galet pour limiter l\u2019\u00e9blouissement<\/li>\r\n\r\n\r\n\r\n<li><strong>Fa\u00e7ade nord :<\/strong> optez pour un gris argent ou b\u00e9ton, plus vif avec faible ensoleillement<\/li>\r\n\r\n\r\n\r\n<li><strong>Architecture ancienne :<\/strong> gris chaud ou greige sur un cr\u00e9pi irr\u00e9gulier<\/li>\r\n\r\n\r\n\r\n<li><strong>Architecture contemporaine :<\/strong> gris anthracite en contraste, \u00e0 associer avec du bois ou des \u00e9l\u00e9ments noirs<\/li>\r\n<\/ul>\r\n\r\n\r\n\r\n<p>Dans la maison de Daniel, r\u00e9nov\u00e9e dans le Val d\u2019Oise, la fa\u00e7ade grise associ\u00e9e \u00e0 des menuiseries blanches (V33) inspire une continuit\u00e9 visuelle. L\u2019environnement joue aussi son r\u00f4le : un gris clair s\u2019accorde avec un d\u00e9cor min\u00e9ral (terrasse en b\u00e9ton, pierres naturelles) ou dans les lotissements bois\u00e9s, tandis que dans une r\u00e9gion ensoleill\u00e9e, un gris trop sombre accentue la chaleur absorb\u00e9e par les murs (ph\u00e9nom\u00e8ne de surchauffe d\u00e9passant 38\u00b0C en Provence selon l\u2019ADEME, 2024).<\/p>\r\n\r\n\r\n\r\n<h3 class=\"wp-block-heading\">R\u00e9gions et traditions : attention aux sp\u00e9cificit\u00e9s chromatiques locales<\/h3>\r\n\r\n\r\n\r\n<p>Les maisons alsaciennes se d\u00e9marquent par leurs couleurs vives, tandis qu\u2019au Pays Basque ou \u00e0 Nice, le blanc prime avec des rappels color\u00e9s. Le gris clair, bien int\u00e9gr\u00e9 \u00e0 Paris, Lyon ou Bordeaux, se fait plus rare dans la campagne proven\u00e7ale. Les nuanciers de Zolpan, Sikkens ou Castorama facilitent la conformit\u00e9 r\u00e9gionale. Inspirez-vous de la <a href=\"https:\/\/maison.com\/blog\/?p=54\">palette de votre secteur<\/a> pour \u00e9viter toute fausse note visuelle.<\/p>\r\n\r\n\r\n\r\n<ul class=\"wp-block-list\">\r\n<li><strong>Alsace :<\/strong> rose, vert, jaune, bleu dominant \u2014 gris \u00e0 doser avec parcimonie<\/li>\r\n\r\n\r\n\r\n<li><strong>Bretagne, Normandie : <\/strong>nombreux tons clairs, pastel, gris bleu possible<\/li>\r\n\r\n\r\n\r\n<li><strong>Pays Basque : <\/strong>blanc majoritaire, volets verts ou rouges, gris rarement tol\u00e9r\u00e9<\/li>\r\n\r\n\r\n\r\n<li><strong>M\u00e9diterran\u00e9e : <\/strong>ocres, terres cuites, beige ou gris jaune (taupe)<\/li>\r\n\r\n\r\n\r\n<li><strong>\u00cele-de-France :<\/strong> gris perle, blanc cass\u00e9 privil\u00e9gi\u00e9s, harmonisation urbaine requise<\/li>\r\n<\/ul>\r\n\r\n\r\n\r\n<p>Observez les fa\u00e7ades voisines ou consultez un coloriste en mairie. Certaines agglom\u00e9rations offrent une aide gratuite pour bien choisir votre teinte.<\/p>\r\n\r\n\r\n\r\n\r\n\r\n<p><strong>En r\u00e9sum\u00e9<\/strong>, choisir un gris clair pour sa fa\u00e7ade s\u2019anticipe en consultant le PLU, en s\u2019inspirant de l\u2019existant, et en s\u00e9lectionnant soigneusement la nuance adapt\u00e9e (Tollens, Dulux Valentine, Leroy Merlin, Sikkens, Zolpan\u2026). Pour une r\u00e9novation durable et sans faux pas, testez toujours un \u00e9chantillon in situ, consultez les d\u00e9marches officielles et adaptez la couleur \u00e0 votre environnement imm\u00e9diat. D\u00e9couvrez d\u2019autres inspirations ou guides pratiques sur les obligations l\u00e9gales (<a href=\"https:\/\/maison.com\/blog\/?p=53\">voir ici<\/a>), les mat\u00e9riaux adapt\u00e9s (<a href=\"https:\/\/maison.com\/blog\/?p=59\">consultez ce guide<\/a>) ou les tendances r\u00e9gionales (<a href=\"https:\/\/maison.com\/blog\/?p=54\">exemples<\/a>).<\/p>\r\n","protected":false},"excerpt":{"rendered":"<p>Peindre une fa\u00e7ade en gris clair s\u00e9duit par sa modernit\u00e9 et sa sobri\u00e9t\u00e9, mais les teintes autoris\u00e9es varient selon votre ville ou quartier. En 2025, 78 % des PLU (Plans Locaux d\u2019Urbanisme) en France imposent une gamme restreinte de couleurs \u2014 parfois un nuancier pr\u00e9cis, souvent des interdits explicites sur les extr\u00eames comme le jaune [&hellip;]<\/p>\n","protected":false},"author":1,"featured_media":107,"comment_status":"open","ping_status":"open","sticky":false,"template":"","format":"standard","meta":{"footnotes":""},"categories":[2],"tags":[],"class_list":["post-67","post","type-post","status-publish","format-standard","has-post-thumbnail","hentry","category-decoration"],"yoast_head":"<!-- This site is optimized with the Yoast SEO plugin v27.5 - https:\/\/yoast.com\/product\/yoast-seo-wordpress\/ -->\n<title>Fa\u00e7ade gris clair : quelles teintes autoris\u00e9es et comment bien les choisir ? - Blog Maison.com<\/title>\n<meta name=\"description\" content=\"D\u00e9couvrez les teintes de gris clair autoris\u00e9es pour votre fa\u00e7ade et nos conseils pour bien choisir la couleur id\u00e9ale selon les r\u00e9glementations.\" \/>\n<meta name=\"robots\" content=\"index, follow, max-snippet:-1, max-image-preview:large, max-video-preview:-1\" \/>\n<link rel=\"canonical\" href=\"https:\/\/maison.com\/blog\/teintes-facade-gris-clair\/\" \/>\n<meta property=\"og:locale\" content=\"fr_FR\" \/>\n<meta property=\"og:type\" content=\"article\" \/>\n<meta property=\"og:title\" content=\"Fa\u00e7ade gris clair : quelles teintes autoris\u00e9es et comment bien les choisir ? - Blog Maison.com\" \/>\n<meta property=\"og:description\" content=\"D\u00e9couvrez les teintes de gris clair autoris\u00e9es pour votre fa\u00e7ade et nos conseils pour bien choisir la couleur id\u00e9ale selon les r\u00e9glementations.\" \/>\n<meta property=\"og:url\" content=\"https:\/\/maison.com\/blog\/teintes-facade-gris-clair\/\" \/>\n<meta property=\"og:site_name\" content=\"Blog Maison.com\" \/>\n<meta property=\"article:published_time\" content=\"2025-10-02T09:26:02+00:00\" \/>\n<meta property=\"article:modified_time\" content=\"2025-10-30T08:52:13+00:00\" \/>\n<meta property=\"og:image\" content=\"https:\/\/maison.com\/blog\/wp-content\/uploads\/2025\/09\/peut-on-avoir-une-facade-de-maison-gris-clair.png\" \/>\n\t<meta property=\"og:image:width\" content=\"1344\" \/>\n\t<meta property=\"og:image:height\" content=\"768\" \/>\n\t<meta property=\"og:image:type\" content=\"image\/png\" \/>\n<meta name=\"author\" content=\"Estelle\" \/>\n<meta name=\"twitter:card\" content=\"summary_large_image\" \/>\n<meta name=\"twitter:label1\" content=\"\u00c9crit par\" \/>\n\t<meta name=\"twitter:data1\" content=\"Estelle\" \/>\n\t<meta name=\"twitter:label2\" content=\"Dur\u00e9e de lecture estim\u00e9e\" \/>\n\t<meta name=\"twitter:data2\" content=\"5 minutes\" \/>\n<script type=\"application\/ld+json\" class=\"yoast-schema-graph\">{\"@context\":\"https:\\\/\\\/schema.org\",\"@graph\":[{\"@type\":\"Article\",\"@id\":\"https:\\\/\\\/maison.com\\\/blog\\\/teintes-facade-gris-clair\\\/#article\",\"isPartOf\":{\"@id\":\"https:\\\/\\\/maison.com\\\/blog\\\/teintes-facade-gris-clair\\\/\"},\"author\":{\"name\":\"Estelle\",\"@id\":\"https:\\\/\\\/maison.com\\\/blog\\\/#\\\/schema\\\/person\\\/f36f345acc4c7826cbd50f2a1818e74d\"},\"headline\":\"Fa\u00e7ade gris clair : quelles teintes autoris\u00e9es et comment bien les choisir ?\",\"datePublished\":\"2025-10-02T09:26:02+00:00\",\"dateModified\":\"2025-10-30T08:52:13+00:00\",\"mainEntityOfPage\":{\"@id\":\"https:\\\/\\\/maison.com\\\/blog\\\/teintes-facade-gris-clair\\\/\"},\"wordCount\":979,\"commentCount\":0,\"image\":{\"@id\":\"https:\\\/\\\/maison.com\\\/blog\\\/teintes-facade-gris-clair\\\/#primaryimage\"},\"thumbnailUrl\":\"https:\\\/\\\/maison.com\\\/blog\\\/wp-content\\\/uploads\\\/2025\\\/09\\\/peut-on-avoir-une-facade-de-maison-gris-clair.png\",\"articleSection\":[\"D\u00e9coration\"],\"inLanguage\":\"fr-FR\",\"potentialAction\":[{\"@type\":\"CommentAction\",\"name\":\"Comment\",\"target\":[\"https:\\\/\\\/maison.com\\\/blog\\\/teintes-facade-gris-clair\\\/#respond\"]}]},{\"@type\":\"WebPage\",\"@id\":\"https:\\\/\\\/maison.com\\\/blog\\\/teintes-facade-gris-clair\\\/\",\"url\":\"https:\\\/\\\/maison.com\\\/blog\\\/teintes-facade-gris-clair\\\/\",\"name\":\"Fa\u00e7ade gris clair : quelles teintes autoris\u00e9es et comment bien les choisir ? - Blog Maison.com\",\"isPartOf\":{\"@id\":\"https:\\\/\\\/maison.com\\\/blog\\\/#website\"},\"primaryImageOfPage\":{\"@id\":\"https:\\\/\\\/maison.com\\\/blog\\\/teintes-facade-gris-clair\\\/#primaryimage\"},\"image\":{\"@id\":\"https:\\\/\\\/maison.com\\\/blog\\\/teintes-facade-gris-clair\\\/#primaryimage\"},\"thumbnailUrl\":\"https:\\\/\\\/maison.com\\\/blog\\\/wp-content\\\/uploads\\\/2025\\\/09\\\/peut-on-avoir-une-facade-de-maison-gris-clair.png\",\"datePublished\":\"2025-10-02T09:26:02+00:00\",\"dateModified\":\"2025-10-30T08:52:13+00:00\",\"author\":{\"@id\":\"https:\\\/\\\/maison.com\\\/blog\\\/#\\\/schema\\\/person\\\/f36f345acc4c7826cbd50f2a1818e74d\"},\"description\":\"D\u00e9couvrez les teintes de gris clair autoris\u00e9es pour votre fa\u00e7ade et nos conseils pour bien choisir la couleur id\u00e9ale selon les r\u00e9glementations.\",\"breadcrumb\":{\"@id\":\"https:\\\/\\\/maison.com\\\/blog\\\/teintes-facade-gris-clair\\\/#breadcrumb\"},\"inLanguage\":\"fr-FR\",\"potentialAction\":[{\"@type\":\"ReadAction\",\"target\":[\"https:\\\/\\\/maison.com\\\/blog\\\/teintes-facade-gris-clair\\\/\"]}]},{\"@type\":\"ImageObject\",\"inLanguage\":\"fr-FR\",\"@id\":\"https:\\\/\\\/maison.com\\\/blog\\\/teintes-facade-gris-clair\\\/#primaryimage\",\"url\":\"https:\\\/\\\/maison.com\\\/blog\\\/wp-content\\\/uploads\\\/2025\\\/09\\\/peut-on-avoir-une-facade-de-maison-gris-clair.png\",\"contentUrl\":\"https:\\\/\\\/maison.com\\\/blog\\\/wp-content\\\/uploads\\\/2025\\\/09\\\/peut-on-avoir-une-facade-de-maison-gris-clair.png\",\"width\":1344,\"height\":768,\"caption\":\"peut-on avoir une fa\u00e7ade de maison gris clair\"},{\"@type\":\"BreadcrumbList\",\"@id\":\"https:\\\/\\\/maison.com\\\/blog\\\/teintes-facade-gris-clair\\\/#breadcrumb\",\"itemListElement\":[{\"@type\":\"ListItem\",\"position\":1,\"name\":\"Accueil\",\"item\":\"https:\\\/\\\/maison.com\\\/blog\\\/\"},{\"@type\":\"ListItem\",\"position\":2,\"name\":\"Fa\u00e7ade gris clair : quelles teintes autoris\u00e9es et comment bien les choisir ?\"}]},{\"@type\":\"WebSite\",\"@id\":\"https:\\\/\\\/maison.com\\\/blog\\\/#website\",\"url\":\"https:\\\/\\\/maison.com\\\/blog\\\/\",\"name\":\"Blog Maison.com\",\"description\":\"\",\"potentialAction\":[{\"@type\":\"SearchAction\",\"target\":{\"@type\":\"EntryPoint\",\"urlTemplate\":\"https:\\\/\\\/maison.com\\\/blog\\\/?s={search_term_string}\"},\"query-input\":{\"@type\":\"PropertyValueSpecification\",\"valueRequired\":true,\"valueName\":\"search_term_string\"}}],\"inLanguage\":\"fr-FR\"},{\"@type\":\"Person\",\"@id\":\"https:\\\/\\\/maison.com\\\/blog\\\/#\\\/schema\\\/person\\\/f36f345acc4c7826cbd50f2a1818e74d\",\"name\":\"Estelle\",\"image\":{\"@type\":\"ImageObject\",\"inLanguage\":\"fr-FR\",\"@id\":\"https:\\\/\\\/secure.gravatar.com\\\/avatar\\\/527e323e730b20c61af29436a56262bbb4a3e4ffb0660b4bf78d3ff690bf02c1?s=96&d=mm&r=g\",\"url\":\"https:\\\/\\\/secure.gravatar.com\\\/avatar\\\/527e323e730b20c61af29436a56262bbb4a3e4ffb0660b4bf78d3ff690bf02c1?s=96&d=mm&r=g\",\"contentUrl\":\"https:\\\/\\\/secure.gravatar.com\\\/avatar\\\/527e323e730b20c61af29436a56262bbb4a3e4ffb0660b4bf78d3ff690bf02c1?s=96&d=mm&r=g\",\"caption\":\"Estelle\"},\"sameAs\":[\"https:\\\/\\\/maison.com\\\/blog\"],\"url\":\"https:\\\/\\\/maison.com\\\/blog\\\/author\\\/scunadmin\\\/\"}]}<\/script>\n<!-- \/ Yoast SEO plugin. -->","yoast_head_json":{"title":"Fa\u00e7ade gris clair : quelles teintes autoris\u00e9es et comment bien les choisir ? - Blog Maison.com","description":"D\u00e9couvrez les teintes de gris clair autoris\u00e9es pour votre fa\u00e7ade et nos conseils pour bien choisir la couleur id\u00e9ale selon les r\u00e9glementations.","robots":{"index":"index","follow":"follow","max-snippet":"max-snippet:-1","max-image-preview":"max-image-preview:large","max-video-preview":"max-video-preview:-1"},"canonical":"https:\/\/maison.com\/blog\/teintes-facade-gris-clair\/","og_locale":"fr_FR","og_type":"article","og_title":"Fa\u00e7ade gris clair : quelles teintes autoris\u00e9es et comment bien les choisir ? - Blog Maison.com","og_description":"D\u00e9couvrez les teintes de gris clair autoris\u00e9es pour votre fa\u00e7ade et nos conseils pour bien choisir la couleur id\u00e9ale selon les r\u00e9glementations.","og_url":"https:\/\/maison.com\/blog\/teintes-facade-gris-clair\/","og_site_name":"Blog Maison.com","article_published_time":"2025-10-02T09:26:02+00:00","article_modified_time":"2025-10-30T08:52:13+00:00","og_image":[{"width":1344,"height":768,"url":"https:\/\/maison.com\/blog\/wp-content\/uploads\/2025\/09\/peut-on-avoir-une-facade-de-maison-gris-clair.png","type":"image\/png"}],"author":"Estelle","twitter_card":"summary_large_image","twitter_misc":{"\u00c9crit par":"Estelle","Dur\u00e9e de lecture estim\u00e9e":"5 minutes"},"schema":{"@context":"https:\/\/schema.org","@graph":[{"@type":"Article","@id":"https:\/\/maison.com\/blog\/teintes-facade-gris-clair\/#article","isPartOf":{"@id":"https:\/\/maison.com\/blog\/teintes-facade-gris-clair\/"},"author":{"name":"Estelle","@id":"https:\/\/maison.com\/blog\/#\/schema\/person\/f36f345acc4c7826cbd50f2a1818e74d"},"headline":"Fa\u00e7ade gris clair : quelles teintes autoris\u00e9es et comment bien les choisir ?","datePublished":"2025-10-02T09:26:02+00:00","dateModified":"2025-10-30T08:52:13+00:00","mainEntityOfPage":{"@id":"https:\/\/maison.com\/blog\/teintes-facade-gris-clair\/"},"wordCount":979,"commentCount":0,"image":{"@id":"https:\/\/maison.com\/blog\/teintes-facade-gris-clair\/#primaryimage"},"thumbnailUrl":"https:\/\/maison.com\/blog\/wp-content\/uploads\/2025\/09\/peut-on-avoir-une-facade-de-maison-gris-clair.png","articleSection":["D\u00e9coration"],"inLanguage":"fr-FR","potentialAction":[{"@type":"CommentAction","name":"Comment","target":["https:\/\/maison.com\/blog\/teintes-facade-gris-clair\/#respond"]}]},{"@type":"WebPage","@id":"https:\/\/maison.com\/blog\/teintes-facade-gris-clair\/","url":"https:\/\/maison.com\/blog\/teintes-facade-gris-clair\/","name":"Fa\u00e7ade gris clair : quelles teintes autoris\u00e9es et comment bien les choisir ? - Blog Maison.com","isPartOf":{"@id":"https:\/\/maison.com\/blog\/#website"},"primaryImageOfPage":{"@id":"https:\/\/maison.com\/blog\/teintes-facade-gris-clair\/#primaryimage"},"image":{"@id":"https:\/\/maison.com\/blog\/teintes-facade-gris-clair\/#primaryimage"},"thumbnailUrl":"https:\/\/maison.com\/blog\/wp-content\/uploads\/2025\/09\/peut-on-avoir-une-facade-de-maison-gris-clair.png","datePublished":"2025-10-02T09:26:02+00:00","dateModified":"2025-10-30T08:52:13+00:00","author":{"@id":"https:\/\/maison.com\/blog\/#\/schema\/person\/f36f345acc4c7826cbd50f2a1818e74d"},"description":"D\u00e9couvrez les teintes de gris clair autoris\u00e9es pour votre fa\u00e7ade et nos conseils pour bien choisir la couleur id\u00e9ale selon les r\u00e9glementations.","breadcrumb":{"@id":"https:\/\/maison.com\/blog\/teintes-facade-gris-clair\/#breadcrumb"},"inLanguage":"fr-FR","potentialAction":[{"@type":"ReadAction","target":["https:\/\/maison.com\/blog\/teintes-facade-gris-clair\/"]}]},{"@type":"ImageObject","inLanguage":"fr-FR","@id":"https:\/\/maison.com\/blog\/teintes-facade-gris-clair\/#primaryimage","url":"https:\/\/maison.com\/blog\/wp-content\/uploads\/2025\/09\/peut-on-avoir-une-facade-de-maison-gris-clair.png","contentUrl":"https:\/\/maison.com\/blog\/wp-content\/uploads\/2025\/09\/peut-on-avoir-une-facade-de-maison-gris-clair.png","width":1344,"height":768,"caption":"peut-on avoir une fa\u00e7ade de maison gris clair"},{"@type":"BreadcrumbList","@id":"https:\/\/maison.com\/blog\/teintes-facade-gris-clair\/#breadcrumb","itemListElement":[{"@type":"ListItem","position":1,"name":"Accueil","item":"https:\/\/maison.com\/blog\/"},{"@type":"ListItem","position":2,"name":"Fa\u00e7ade gris clair : quelles teintes autoris\u00e9es et comment bien les choisir ?"}]},{"@type":"WebSite","@id":"https:\/\/maison.com\/blog\/#website","url":"https:\/\/maison.com\/blog\/","name":"Blog Maison.com","description":"","potentialAction":[{"@type":"SearchAction","target":{"@type":"EntryPoint","urlTemplate":"https:\/\/maison.com\/blog\/?s={search_term_string}"},"query-input":{"@type":"PropertyValueSpecification","valueRequired":true,"valueName":"search_term_string"}}],"inLanguage":"fr-FR"},{"@type":"Person","@id":"https:\/\/maison.com\/blog\/#\/schema\/person\/f36f345acc4c7826cbd50f2a1818e74d","name":"Estelle","image":{"@type":"ImageObject","inLanguage":"fr-FR","@id":"https:\/\/secure.gravatar.com\/avatar\/527e323e730b20c61af29436a56262bbb4a3e4ffb0660b4bf78d3ff690bf02c1?s=96&d=mm&r=g","url":"https:\/\/secure.gravatar.com\/avatar\/527e323e730b20c61af29436a56262bbb4a3e4ffb0660b4bf78d3ff690bf02c1?s=96&d=mm&r=g","contentUrl":"https:\/\/secure.gravatar.com\/avatar\/527e323e730b20c61af29436a56262bbb4a3e4ffb0660b4bf78d3ff690bf02c1?s=96&d=mm&r=g","caption":"Estelle"},"sameAs":["https:\/\/maison.com\/blog"],"url":"https:\/\/maison.com\/blog\/author\/scunadmin\/"}]}},"_links":{"self":[{"href":"https:\/\/maison.com\/blog\/wp-json\/wp\/v2\/posts\/67","targetHints":{"allow":["GET"]}}],"collection":[{"href":"https:\/\/maison.com\/blog\/wp-json\/wp\/v2\/posts"}],"about":[{"href":"https:\/\/maison.com\/blog\/wp-json\/wp\/v2\/types\/post"}],"author":[{"embeddable":true,"href":"https:\/\/maison.com\/blog\/wp-json\/wp\/v2\/users\/1"}],"replies":[{"embeddable":true,"href":"https:\/\/maison.com\/blog\/wp-json\/wp\/v2\/comments?post=67"}],"version-history":[{"count":3,"href":"https:\/\/maison.com\/blog\/wp-json\/wp\/v2\/posts\/67\/revisions"}],"predecessor-version":[{"id":185,"href":"https:\/\/maison.com\/blog\/wp-json\/wp\/v2\/posts\/67\/revisions\/185"}],"wp:featuredmedia":[{"embeddable":true,"href":"https:\/\/maison.com\/blog\/wp-json\/wp\/v2\/media\/107"}],"wp:attachment":[{"href":"https:\/\/maison.com\/blog\/wp-json\/wp\/v2\/media?parent=67"}],"wp:term":[{"taxonomy":"category","embeddable":true,"href":"https:\/\/maison.com\/blog\/wp-json\/wp\/v2\/categories?post=67"},{"taxonomy":"post_tag","embeddable":true,"href":"https:\/\/maison.com\/blog\/wp-json\/wp\/v2\/tags?post=67"}],"curies":[{"name":"wp","href":"https:\/\/api.w.org\/{rel}","templated":true}]}}