{"id":66,"date":"2025-09-17T11:24:47","date_gmt":"2025-09-17T09:24:47","guid":{"rendered":"https:\/\/blog.maison.com\/?p=66"},"modified":"2025-10-01T09:25:13","modified_gmt":"2025-10-01T07:25:13","slug":"avancee-toit-dimensions-materiaux","status":"publish","type":"post","link":"https:\/\/maison.com\/blog\/avancee-toit-dimensions-materiaux\/","title":{"rendered":"Avanc\u00e9e de toit : dimensions, mat\u00e9riaux et b\u00e9n\u00e9fices en confort d\u2019\u00e9t\u00e9"},"content":{"rendered":"\r\n<p>Installer une <strong>avanc\u00e9e de toit<\/strong>, que ce soit une saillie simple ou un d\u00e9bord renforc\u00e9, permet de r\u00e9duire la temp\u00e9rature int\u00e9rieure d\u2019une maison jusqu\u2019\u00e0 4\u00b0C en \u00e9t\u00e9 tout en limitant la consommation \u00e9nerg\u00e9tique l\u2019apr\u00e8s-midi, selon l\u2019ADEME. Les dimensions types varient de 40 cm \u00e0 1,5 m selon les usages. C\u00f4t\u00e9 budget, il faut compter de <strong>35 \u00e0 115 \u20ac\/m\u00b2<\/strong> selon le mat\u00e9riau choisi (bois, aluminium, PVC), la m\u00e9thode de fixation et la surface couverte. Les professionnels comme Terreal ou Monier proposent des solutions pr\u00eates \u00e0 poser adapt\u00e9es \u00e0 tous les styles architecturaux. Voici les param\u00e8tres cl\u00e9s \u00e0 ma\u00eetriser pour garantir un \u00e9t\u00e9 au frais gr\u00e2ce \u00e0 une avanc\u00e9e de toiture efficace.<\/p>\r\n\r\n\r\n\r\n<h2 class=\"wp-block-heading\">Param\u00e8tres de dimension et d\u2019installation : optimiser l\u2019efficacit\u00e9 en \u00e9t\u00e9<\/h2>\r\n\r\n\r\n\r\n<p>Une <strong>avanc\u00e9e de toit<\/strong> bien dimensionn\u00e9e prot\u00e8ge efficacement fen\u00eatres, fa\u00e7ades et zones ext\u00e9rieures des rayons directs. Pour les r\u00e9gions \u00e0 fort ensoleillement comme le Languedoc, un d\u00e9bord de 80 cm \u00e0 1,2 m limite le recours \u00e0 la climatisation, surtout c\u00f4t\u00e9 sud. Les donn\u00e9es terrain confirment que cette largeur suffit pour que le soleil d\u2019\u00e9t\u00e9 n\u2019\u00e9claire pas directement une baie entre 10h et 16h. En zone urbaine, un simple d\u00e9bord type VELUX permet d\u00e9j\u00e0 d\u2019abaisser la temp\u00e9rature sous l\u2019auvent de 3 \u00e0 5\u00b0C.<\/p>\r\n\r\n\r\n\r\n<ul class=\"wp-block-list\">\r\n<li><strong>Saillie simple<\/strong> : 10 \u00e0 30 cm, prot\u00e8ge principalement contre la pluie<\/li>\r\n\r\n\r\n\r\n<li><strong>D\u00e9bord standard<\/strong> : 40 \u00e0 60 cm, ombrage efficace sur fen\u00eatres<\/li>\r\n\r\n\r\n\r\n<li><strong>Avanc\u00e9e renforc\u00e9e<\/strong> : jusqu\u2019\u00e0 1,5 m, abrite terrasse ou balcon<\/li>\r\n\r\n\r\n\r\n<li><strong>Hauteur sous avanc\u00e9e<\/strong> : id\u00e9alement 2,2 \u00e0 2,8 m<\/li>\r\n\r\n\r\n\r\n<li>Inclinaison adapt\u00e9e \u00e0 la pente de toit, souvent entre 15 et 40\u00b0<\/li>\r\n<\/ul>\r\n\r\n\r\n\r\n\r\n\r\n<p>Pour l\u2019installation, la m\u00e9thode d\u00e9pend de la taille et du support. Les kits Lapeyre et Point.P facilitent la pose murale (<strong>fixation sur bardage<\/strong> ou b\u00e9ton arm\u00e9). Au-del\u00e0 de 60 cm, des piliers ou ancrages suppl\u00e9mentaires s\u2019imposent pour une parfaite stabilit\u00e9.<\/p>\r\n\r\n\r\n\r\n<h3 class=\"wp-block-heading\">Zoom sur les mat\u00e9riaux : performance, esth\u00e9tique et entretien<\/h3>\r\n<p><img loading=\"lazy\" decoding=\"async\" class=\"alignnone size-large wp-image-182\" src=\"https:\/\/maison.com\/blog\/wp-content\/uploads\/2025\/09\/materiaux-et-travaux-pour-une-avancee-de-toit-1024x683.webp\" alt=\"\" width=\"1024\" height=\"683\" srcset=\"https:\/\/maison.com\/blog\/wp-content\/uploads\/2025\/09\/materiaux-et-travaux-pour-une-avancee-de-toit-1024x683.webp 1024w, https:\/\/maison.com\/blog\/wp-content\/uploads\/2025\/09\/materiaux-et-travaux-pour-une-avancee-de-toit-300x200.webp 300w, https:\/\/maison.com\/blog\/wp-content\/uploads\/2025\/09\/materiaux-et-travaux-pour-une-avancee-de-toit-768x512.webp 768w, https:\/\/maison.com\/blog\/wp-content\/uploads\/2025\/09\/materiaux-et-travaux-pour-une-avancee-de-toit.webp 1536w\" sizes=\"auto, (max-width: 1024px) 100vw, 1024px\" \/><\/p>\r\n\r\n\r\n\r\n<p>Choisir le bon <strong>mat\u00e9riau<\/strong> optimise l\u2019effet thermique tout en tenant compte de l\u2019entretien et du rendement \u00e0 long terme. Les solutions en <strong>bois<\/strong> s\u00e9duisent par leur charme (type pin autoclave ou Douglas certifi\u00e9 PEFC), mais imposent un traitement tous les 2-3 ans.<\/p>\r\n\r\n\r\n\r\n<ul class=\"wp-block-list\">\r\n<li><strong>Bois<\/strong> : 35 \u00e0 65 \u20ac\/m\u00b2, maintenance r\u00e9guli\u00e8re (pon\u00e7age + lasure)<\/li>\r\n\r\n\r\n\r\n<li><strong>Aluminium<\/strong> : 55 \u00e0 115 \u20ac\/m\u00b2, entretien annul\u00e9, haute durabilit\u00e9<\/li>\r\n\r\n\r\n\r\n<li><strong>PVC<\/strong> : 45 \u00e0 55 \u20ac\/m\u00b2, abordable, sans entretien, moins \u00e9l\u00e9gant<\/li>\r\n\r\n\r\n\r\n<li><strong>\u00c9l\u00e9ments de finition<\/strong> (Zolpan, Weber) : prot\u00e8ge la sous-face et accentue l\u2019isolation<\/li>\r\n\r\n\r\n\r\n<li>Combiner avec des mat\u00e9riaux isolants (Knauf, Isover) pour maximiser le confort<\/li>\r\n<\/ul>\r\n\r\n\r\n\r\n<p>Pour la couverture, tuiles Terreal, plaques d\u2019acier Monier ou ardoises selon la toiture d\u2019origine. Sachez que la couleur influence fortement la chaleur per\u00e7ue : une avanc\u00e9e claire (blanc, gris pale) r\u00e9duit jusqu\u2019\u00e0 30% l\u2019absorption thermique sur fa\u00e7ade.<\/p>\r\n\r\n\r\n\r\n<h2 class=\"wp-block-heading\">B\u00e9n\u00e9fices concrets sur le confort d\u2019\u00e9t\u00e9 et la long\u00e9vit\u00e9 de la maison<\/h2>\r\n\r\n\r\n\r\n<p>Outre l\u2019<strong>am\u00e9lioration du confort<\/strong>, l\u2019avanc\u00e9e de toit prot\u00e8ge l\u2019investissement dans le b\u00e2ti en pr\u00e9servant les fa\u00e7ades des intemp\u00e9ries (UV, pluie, pollution, mousse).<\/p>\r\n\r\n\r\n\r\n<ul class=\"wp-block-list\">\r\n<li><strong>Jusqu\u2019\u00e0 25% de r\u00e9duction sur la facture de climatisation sur 5 ans*<\/strong><\/li>\r\n\r\n\r\n\r\n<li>Limitation des d\u00e9gradations (moisissures, infiltrations) sur murs ext\u00e9rieurs<\/li>\r\n\r\n\r\n\r\n<li>Cr\u00e9ation d\u2019un espace abrit\u00e9 : terrasse, entr\u00e9e ou zone de transition<\/li>\r\n\r\n\r\n\r\n<li>Valorisation architecturale, notamment avec des finitions Groupe Millet<\/li>\r\n\r\n\r\n\r\n<li><strong>Augmentation de la dur\u00e9e de vie des \u00e9quipements ext\u00e9rieurs<\/strong> (menuiseries, stores, rev\u00eatements)<\/li>\r\n<\/ul>\r\n\r\n\r\n\r\n\r\n\r\n<p>De plus, une maison \u00e9quip\u00e9e d\u2019une avanc\u00e9e adapt\u00e9e passe largement l\u2019\u00e9preuve des diagnostics thermiques requis pour la vente depuis 2024.<\/p>\r\n\r\n\r\n\r\n<p>En conclusion de chaque projet, comparez toujours les devis des artisans locaux et tournez-vous vers des marques de r\u00e9f\u00e9rence (Terreal, VELUX, Isover) reconnues pour leur fiabilit\u00e9 et leur engagement environnemental. Ainsi, l\u2019ajout ou la r\u00e9novation d\u2019une avanc\u00e9e de toit demeure l\u2019une des solutions les plus simples pour conjuguer \u00e9conomie, fra\u00eecheur et esth\u00e9tisme, tout en augmentant la valeur de votre bien.<\/p>\r\n","protected":false},"excerpt":{"rendered":"<p>Installer une avanc\u00e9e de toit, que ce soit une saillie simple ou un d\u00e9bord renforc\u00e9, permet de r\u00e9duire la temp\u00e9rature int\u00e9rieure d\u2019une maison jusqu\u2019\u00e0 4\u00b0C en \u00e9t\u00e9 tout en limitant la consommation \u00e9nerg\u00e9tique l\u2019apr\u00e8s-midi, selon l\u2019ADEME. Les dimensions types varient de 40 cm \u00e0 1,5 m selon les usages. C\u00f4t\u00e9 budget, il faut compter de [&hellip;]<\/p>\n","protected":false},"author":1,"featured_media":82,"comment_status":"open","ping_status":"open","sticky":false,"template":"","format":"standard","meta":{"footnotes":""},"categories":[1],"tags":[],"class_list":["post-66","post","type-post","status-publish","format-standard","has-post-thumbnail","hentry","category-construction-renovation"],"yoast_head":"<!-- This site is optimized with the Yoast SEO plugin v27.5 - https:\/\/yoast.com\/product\/yoast-seo-wordpress\/ -->\n<title>Avanc\u00e9e de toit : dimensions, mat\u00e9riaux et b\u00e9n\u00e9fices en confort d\u2019\u00e9t\u00e9 - Blog Maison.com<\/title>\n<meta name=\"description\" content=\"D\u00e9couvrez tout sur l\u2019avanc\u00e9e de toit : dimensions id\u00e9ales, choix de mat\u00e9riaux et am\u00e9lioration du confort thermique en \u00e9t\u00e9.\" \/>\n<meta name=\"robots\" content=\"index, follow, max-snippet:-1, max-image-preview:large, max-video-preview:-1\" \/>\n<link rel=\"canonical\" href=\"https:\/\/maison.com\/blog\/avancee-toit-dimensions-materiaux\/\" \/>\n<meta property=\"og:locale\" content=\"fr_FR\" \/>\n<meta property=\"og:type\" content=\"article\" \/>\n<meta property=\"og:title\" content=\"Avanc\u00e9e de toit : dimensions, mat\u00e9riaux et b\u00e9n\u00e9fices en confort d\u2019\u00e9t\u00e9 - Blog Maison.com\" \/>\n<meta property=\"og:description\" content=\"D\u00e9couvrez tout sur l\u2019avanc\u00e9e de toit : dimensions id\u00e9ales, choix de mat\u00e9riaux et am\u00e9lioration du confort thermique en \u00e9t\u00e9.\" \/>\n<meta property=\"og:url\" content=\"https:\/\/maison.com\/blog\/avancee-toit-dimensions-materiaux\/\" \/>\n<meta property=\"og:site_name\" content=\"Blog Maison.com\" \/>\n<meta property=\"article:published_time\" content=\"2025-09-17T09:24:47+00:00\" \/>\n<meta property=\"article:modified_time\" content=\"2025-10-01T07:25:13+00:00\" \/>\n<meta property=\"og:image\" content=\"https:\/\/maison.com\/blog\/wp-content\/uploads\/2025\/09\/dormers-6967579_640.jpg\" \/>\n\t<meta property=\"og:image:width\" content=\"640\" \/>\n\t<meta property=\"og:image:height\" content=\"427\" \/>\n\t<meta property=\"og:image:type\" content=\"image\/jpeg\" \/>\n<meta name=\"author\" content=\"Estelle\" \/>\n<meta name=\"twitter:card\" content=\"summary_large_image\" \/>\n<meta name=\"twitter:label1\" content=\"\u00c9crit par\" \/>\n\t<meta name=\"twitter:data1\" content=\"Estelle\" \/>\n\t<meta name=\"twitter:label2\" content=\"Dur\u00e9e de lecture estim\u00e9e\" \/>\n\t<meta name=\"twitter:data2\" content=\"4 minutes\" \/>\n<script type=\"application\/ld+json\" class=\"yoast-schema-graph\">{\"@context\":\"https:\\\/\\\/schema.org\",\"@graph\":[{\"@type\":\"Article\",\"@id\":\"https:\\\/\\\/maison.com\\\/blog\\\/avancee-toit-dimensions-materiaux\\\/#article\",\"isPartOf\":{\"@id\":\"https:\\\/\\\/maison.com\\\/blog\\\/avancee-toit-dimensions-materiaux\\\/\"},\"author\":{\"name\":\"Estelle\",\"@id\":\"https:\\\/\\\/maison.com\\\/blog\\\/#\\\/schema\\\/person\\\/f36f345acc4c7826cbd50f2a1818e74d\"},\"headline\":\"Avanc\u00e9e de toit : dimensions, mat\u00e9riaux et b\u00e9n\u00e9fices en confort d\u2019\u00e9t\u00e9\",\"datePublished\":\"2025-09-17T09:24:47+00:00\",\"dateModified\":\"2025-10-01T07:25:13+00:00\",\"mainEntityOfPage\":{\"@id\":\"https:\\\/\\\/maison.com\\\/blog\\\/avancee-toit-dimensions-materiaux\\\/\"},\"wordCount\":676,\"commentCount\":0,\"image\":{\"@id\":\"https:\\\/\\\/maison.com\\\/blog\\\/avancee-toit-dimensions-materiaux\\\/#primaryimage\"},\"thumbnailUrl\":\"https:\\\/\\\/maison.com\\\/blog\\\/wp-content\\\/uploads\\\/2025\\\/09\\\/dormers-6967579_640.jpg\",\"articleSection\":[\"Construction\\\/r\u00e9novation\"],\"inLanguage\":\"fr-FR\",\"potentialAction\":[{\"@type\":\"CommentAction\",\"name\":\"Comment\",\"target\":[\"https:\\\/\\\/maison.com\\\/blog\\\/avancee-toit-dimensions-materiaux\\\/#respond\"]}]},{\"@type\":\"WebPage\",\"@id\":\"https:\\\/\\\/maison.com\\\/blog\\\/avancee-toit-dimensions-materiaux\\\/\",\"url\":\"https:\\\/\\\/maison.com\\\/blog\\\/avancee-toit-dimensions-materiaux\\\/\",\"name\":\"Avanc\u00e9e de toit : dimensions, mat\u00e9riaux et b\u00e9n\u00e9fices en confort d\u2019\u00e9t\u00e9 - Blog Maison.com\",\"isPartOf\":{\"@id\":\"https:\\\/\\\/maison.com\\\/blog\\\/#website\"},\"primaryImageOfPage\":{\"@id\":\"https:\\\/\\\/maison.com\\\/blog\\\/avancee-toit-dimensions-materiaux\\\/#primaryimage\"},\"image\":{\"@id\":\"https:\\\/\\\/maison.com\\\/blog\\\/avancee-toit-dimensions-materiaux\\\/#primaryimage\"},\"thumbnailUrl\":\"https:\\\/\\\/maison.com\\\/blog\\\/wp-content\\\/uploads\\\/2025\\\/09\\\/dormers-6967579_640.jpg\",\"datePublished\":\"2025-09-17T09:24:47+00:00\",\"dateModified\":\"2025-10-01T07:25:13+00:00\",\"author\":{\"@id\":\"https:\\\/\\\/maison.com\\\/blog\\\/#\\\/schema\\\/person\\\/f36f345acc4c7826cbd50f2a1818e74d\"},\"description\":\"D\u00e9couvrez tout sur l\u2019avanc\u00e9e de toit : dimensions id\u00e9ales, choix de mat\u00e9riaux et am\u00e9lioration du confort thermique en \u00e9t\u00e9.\",\"breadcrumb\":{\"@id\":\"https:\\\/\\\/maison.com\\\/blog\\\/avancee-toit-dimensions-materiaux\\\/#breadcrumb\"},\"inLanguage\":\"fr-FR\",\"potentialAction\":[{\"@type\":\"ReadAction\",\"target\":[\"https:\\\/\\\/maison.com\\\/blog\\\/avancee-toit-dimensions-materiaux\\\/\"]}]},{\"@type\":\"ImageObject\",\"inLanguage\":\"fr-FR\",\"@id\":\"https:\\\/\\\/maison.com\\\/blog\\\/avancee-toit-dimensions-materiaux\\\/#primaryimage\",\"url\":\"https:\\\/\\\/maison.com\\\/blog\\\/wp-content\\\/uploads\\\/2025\\\/09\\\/dormers-6967579_640.jpg\",\"contentUrl\":\"https:\\\/\\\/maison.com\\\/blog\\\/wp-content\\\/uploads\\\/2025\\\/09\\\/dormers-6967579_640.jpg\",\"width\":640,\"height\":427},{\"@type\":\"BreadcrumbList\",\"@id\":\"https:\\\/\\\/maison.com\\\/blog\\\/avancee-toit-dimensions-materiaux\\\/#breadcrumb\",\"itemListElement\":[{\"@type\":\"ListItem\",\"position\":1,\"name\":\"Accueil\",\"item\":\"https:\\\/\\\/maison.com\\\/blog\\\/\"},{\"@type\":\"ListItem\",\"position\":2,\"name\":\"Avanc\u00e9e de toit : dimensions, mat\u00e9riaux et b\u00e9n\u00e9fices en confort d\u2019\u00e9t\u00e9\"}]},{\"@type\":\"WebSite\",\"@id\":\"https:\\\/\\\/maison.com\\\/blog\\\/#website\",\"url\":\"https:\\\/\\\/maison.com\\\/blog\\\/\",\"name\":\"Blog Maison.com\",\"description\":\"\",\"potentialAction\":[{\"@type\":\"SearchAction\",\"target\":{\"@type\":\"EntryPoint\",\"urlTemplate\":\"https:\\\/\\\/maison.com\\\/blog\\\/?s={search_term_string}\"},\"query-input\":{\"@type\":\"PropertyValueSpecification\",\"valueRequired\":true,\"valueName\":\"search_term_string\"}}],\"inLanguage\":\"fr-FR\"},{\"@type\":\"Person\",\"@id\":\"https:\\\/\\\/maison.com\\\/blog\\\/#\\\/schema\\\/person\\\/f36f345acc4c7826cbd50f2a1818e74d\",\"name\":\"Estelle\",\"image\":{\"@type\":\"ImageObject\",\"inLanguage\":\"fr-FR\",\"@id\":\"https:\\\/\\\/secure.gravatar.com\\\/avatar\\\/527e323e730b20c61af29436a56262bbb4a3e4ffb0660b4bf78d3ff690bf02c1?s=96&d=mm&r=g\",\"url\":\"https:\\\/\\\/secure.gravatar.com\\\/avatar\\\/527e323e730b20c61af29436a56262bbb4a3e4ffb0660b4bf78d3ff690bf02c1?s=96&d=mm&r=g\",\"contentUrl\":\"https:\\\/\\\/secure.gravatar.com\\\/avatar\\\/527e323e730b20c61af29436a56262bbb4a3e4ffb0660b4bf78d3ff690bf02c1?s=96&d=mm&r=g\",\"caption\":\"Estelle\"},\"sameAs\":[\"https:\\\/\\\/maison.com\\\/blog\"],\"url\":\"https:\\\/\\\/maison.com\\\/blog\\\/author\\\/scunadmin\\\/\"}]}<\/script>\n<!-- \/ Yoast SEO plugin. -->","yoast_head_json":{"title":"Avanc\u00e9e de toit : dimensions, mat\u00e9riaux et b\u00e9n\u00e9fices en confort d\u2019\u00e9t\u00e9 - Blog Maison.com","description":"D\u00e9couvrez tout sur l\u2019avanc\u00e9e de toit : dimensions id\u00e9ales, choix de mat\u00e9riaux et am\u00e9lioration du confort thermique en \u00e9t\u00e9.","robots":{"index":"index","follow":"follow","max-snippet":"max-snippet:-1","max-image-preview":"max-image-preview:large","max-video-preview":"max-video-preview:-1"},"canonical":"https:\/\/maison.com\/blog\/avancee-toit-dimensions-materiaux\/","og_locale":"fr_FR","og_type":"article","og_title":"Avanc\u00e9e de toit : dimensions, mat\u00e9riaux et b\u00e9n\u00e9fices en confort d\u2019\u00e9t\u00e9 - Blog Maison.com","og_description":"D\u00e9couvrez tout sur l\u2019avanc\u00e9e de toit : dimensions id\u00e9ales, choix de mat\u00e9riaux et am\u00e9lioration du confort thermique en \u00e9t\u00e9.","og_url":"https:\/\/maison.com\/blog\/avancee-toit-dimensions-materiaux\/","og_site_name":"Blog Maison.com","article_published_time":"2025-09-17T09:24:47+00:00","article_modified_time":"2025-10-01T07:25:13+00:00","og_image":[{"width":640,"height":427,"url":"https:\/\/maison.com\/blog\/wp-content\/uploads\/2025\/09\/dormers-6967579_640.jpg","type":"image\/jpeg"}],"author":"Estelle","twitter_card":"summary_large_image","twitter_misc":{"\u00c9crit par":"Estelle","Dur\u00e9e de lecture estim\u00e9e":"4 minutes"},"schema":{"@context":"https:\/\/schema.org","@graph":[{"@type":"Article","@id":"https:\/\/maison.com\/blog\/avancee-toit-dimensions-materiaux\/#article","isPartOf":{"@id":"https:\/\/maison.com\/blog\/avancee-toit-dimensions-materiaux\/"},"author":{"name":"Estelle","@id":"https:\/\/maison.com\/blog\/#\/schema\/person\/f36f345acc4c7826cbd50f2a1818e74d"},"headline":"Avanc\u00e9e de toit : dimensions, mat\u00e9riaux et b\u00e9n\u00e9fices en confort d\u2019\u00e9t\u00e9","datePublished":"2025-09-17T09:24:47+00:00","dateModified":"2025-10-01T07:25:13+00:00","mainEntityOfPage":{"@id":"https:\/\/maison.com\/blog\/avancee-toit-dimensions-materiaux\/"},"wordCount":676,"commentCount":0,"image":{"@id":"https:\/\/maison.com\/blog\/avancee-toit-dimensions-materiaux\/#primaryimage"},"thumbnailUrl":"https:\/\/maison.com\/blog\/wp-content\/uploads\/2025\/09\/dormers-6967579_640.jpg","articleSection":["Construction\/r\u00e9novation"],"inLanguage":"fr-FR","potentialAction":[{"@type":"CommentAction","name":"Comment","target":["https:\/\/maison.com\/blog\/avancee-toit-dimensions-materiaux\/#respond"]}]},{"@type":"WebPage","@id":"https:\/\/maison.com\/blog\/avancee-toit-dimensions-materiaux\/","url":"https:\/\/maison.com\/blog\/avancee-toit-dimensions-materiaux\/","name":"Avanc\u00e9e de toit : dimensions, mat\u00e9riaux et b\u00e9n\u00e9fices en confort d\u2019\u00e9t\u00e9 - Blog Maison.com","isPartOf":{"@id":"https:\/\/maison.com\/blog\/#website"},"primaryImageOfPage":{"@id":"https:\/\/maison.com\/blog\/avancee-toit-dimensions-materiaux\/#primaryimage"},"image":{"@id":"https:\/\/maison.com\/blog\/avancee-toit-dimensions-materiaux\/#primaryimage"},"thumbnailUrl":"https:\/\/maison.com\/blog\/wp-content\/uploads\/2025\/09\/dormers-6967579_640.jpg","datePublished":"2025-09-17T09:24:47+00:00","dateModified":"2025-10-01T07:25:13+00:00","author":{"@id":"https:\/\/maison.com\/blog\/#\/schema\/person\/f36f345acc4c7826cbd50f2a1818e74d"},"description":"D\u00e9couvrez tout sur l\u2019avanc\u00e9e de toit : dimensions id\u00e9ales, choix de mat\u00e9riaux et am\u00e9lioration du confort thermique en \u00e9t\u00e9.","breadcrumb":{"@id":"https:\/\/maison.com\/blog\/avancee-toit-dimensions-materiaux\/#breadcrumb"},"inLanguage":"fr-FR","potentialAction":[{"@type":"ReadAction","target":["https:\/\/maison.com\/blog\/avancee-toit-dimensions-materiaux\/"]}]},{"@type":"ImageObject","inLanguage":"fr-FR","@id":"https:\/\/maison.com\/blog\/avancee-toit-dimensions-materiaux\/#primaryimage","url":"https:\/\/maison.com\/blog\/wp-content\/uploads\/2025\/09\/dormers-6967579_640.jpg","contentUrl":"https:\/\/maison.com\/blog\/wp-content\/uploads\/2025\/09\/dormers-6967579_640.jpg","width":640,"height":427},{"@type":"BreadcrumbList","@id":"https:\/\/maison.com\/blog\/avancee-toit-dimensions-materiaux\/#breadcrumb","itemListElement":[{"@type":"ListItem","position":1,"name":"Accueil","item":"https:\/\/maison.com\/blog\/"},{"@type":"ListItem","position":2,"name":"Avanc\u00e9e de toit : dimensions, mat\u00e9riaux et b\u00e9n\u00e9fices en confort d\u2019\u00e9t\u00e9"}]},{"@type":"WebSite","@id":"https:\/\/maison.com\/blog\/#website","url":"https:\/\/maison.com\/blog\/","name":"Blog Maison.com","description":"","potentialAction":[{"@type":"SearchAction","target":{"@type":"EntryPoint","urlTemplate":"https:\/\/maison.com\/blog\/?s={search_term_string}"},"query-input":{"@type":"PropertyValueSpecification","valueRequired":true,"valueName":"search_term_string"}}],"inLanguage":"fr-FR"},{"@type":"Person","@id":"https:\/\/maison.com\/blog\/#\/schema\/person\/f36f345acc4c7826cbd50f2a1818e74d","name":"Estelle","image":{"@type":"ImageObject","inLanguage":"fr-FR","@id":"https:\/\/secure.gravatar.com\/avatar\/527e323e730b20c61af29436a56262bbb4a3e4ffb0660b4bf78d3ff690bf02c1?s=96&d=mm&r=g","url":"https:\/\/secure.gravatar.com\/avatar\/527e323e730b20c61af29436a56262bbb4a3e4ffb0660b4bf78d3ff690bf02c1?s=96&d=mm&r=g","contentUrl":"https:\/\/secure.gravatar.com\/avatar\/527e323e730b20c61af29436a56262bbb4a3e4ffb0660b4bf78d3ff690bf02c1?s=96&d=mm&r=g","caption":"Estelle"},"sameAs":["https:\/\/maison.com\/blog"],"url":"https:\/\/maison.com\/blog\/author\/scunadmin\/"}]}},"_links":{"self":[{"href":"https:\/\/maison.com\/blog\/wp-json\/wp\/v2\/posts\/66","targetHints":{"allow":["GET"]}}],"collection":[{"href":"https:\/\/maison.com\/blog\/wp-json\/wp\/v2\/posts"}],"about":[{"href":"https:\/\/maison.com\/blog\/wp-json\/wp\/v2\/types\/post"}],"author":[{"embeddable":true,"href":"https:\/\/maison.com\/blog\/wp-json\/wp\/v2\/users\/1"}],"replies":[{"embeddable":true,"href":"https:\/\/maison.com\/blog\/wp-json\/wp\/v2\/comments?post=66"}],"version-history":[{"count":3,"href":"https:\/\/maison.com\/blog\/wp-json\/wp\/v2\/posts\/66\/revisions"}],"predecessor-version":[{"id":184,"href":"https:\/\/maison.com\/blog\/wp-json\/wp\/v2\/posts\/66\/revisions\/184"}],"wp:featuredmedia":[{"embeddable":true,"href":"https:\/\/maison.com\/blog\/wp-json\/wp\/v2\/media\/82"}],"wp:attachment":[{"href":"https:\/\/maison.com\/blog\/wp-json\/wp\/v2\/media?parent=66"}],"wp:term":[{"taxonomy":"category","embeddable":true,"href":"https:\/\/maison.com\/blog\/wp-json\/wp\/v2\/categories?post=66"},{"taxonomy":"post_tag","embeddable":true,"href":"https:\/\/maison.com\/blog\/wp-json\/wp\/v2\/tags?post=66"}],"curies":[{"name":"wp","href":"https:\/\/api.w.org\/{rel}","templated":true}]}}