{"id":461,"date":"2026-04-27T11:06:52","date_gmt":"2026-04-27T09:06:52","guid":{"rendered":"https:\/\/maison.com\/blog\/?p=461"},"modified":"2026-04-27T11:06:52","modified_gmt":"2026-04-27T09:06:52","slug":"quel-studio-de-jardin-choisir","status":"publish","type":"post","link":"https:\/\/maison.com\/blog\/quel-studio-de-jardin-choisir\/","title":{"rendered":"Quel studio de jardin choisir ? Les crit\u00e8res d\u00e9cisifs avant d'acheter"},"content":{"rendered":"<p>Am\u00e9nager un espace de vie autonome au fond du jardin s\u00e9duit de plus en plus de propri\u00e9taires : bureau ind\u00e9pendant, logement pour un proche, chambre d'ami ou pi\u00e8ce suppl\u00e9mentaire \u00e0 louer pour des revenus compl\u00e9mentaires. Le march\u00e9 propose aujourd'hui des dizaines de solutions, du kit \u00e0 monter soi-m\u00eame aux constructions cl\u00e9 en main de haut de gamme.<\/p>\n<p>Avant de se d\u00e9cider, quatre crit\u00e8res doivent \u00eatre clarifi\u00e9s.<\/p>\n<h2>1. D\u00e9finir l'usage pr\u00e9vu du studio de jardin<\/h2>\n<p>Le bon <a href=\"https:\/\/www.greenkub.fr\/studios-de-jardin\/\">studio de jardin<\/a> n'existe pas en dehors d'un usage pr\u00e9cis.<\/p>\n<p>Un espace bureau n\u00e9cessite avant tout une bonne isolation phonique, une alimentation \u00e9lectrique s\u00e9curis\u00e9e et une connexion internet stable.\u00a0Une chambre d'ami exige une isolation thermique suffisante pour \u00eatre habitable toute l'ann\u00e9e. Un studio locatif, lui, doit r\u00e9pondre \u00e0 des normes d'habitabilit\u00e9 sp\u00e9cifiques : surface minimale, hauteur sous plafond, acc\u00e8s autonome.<\/p>\n<p>Cet usage conditionne directement la surface utile, le niveau d'\u00e9quipement n\u00e9cessaire et le budget \u00e0 pr\u00e9voir pour le futur studio de jardin. Le d\u00e9finir en premier \u00e9vite de surdimensionner ou sous-dimensionner la structure, ce qui repr\u00e9sente l'erreur la plus courante dans ce type de projet.<\/p>\n<h2>2. Surface et r\u00e9glementation : le point de d\u00e9part indispensable \u00e0 conna\u00eetre<\/h2>\n<p>La <strong>r\u00e9glementation encadre strictement l'installation d'un studio de jardin habitable<\/strong> selon sa surface et son emplacement. Voici les seuils \u00e0 conna\u00eetre avant toute chose :<\/p>\n<ul>\n<li><strong>Moins de 5 m\u00b2 :<\/strong> aucune formalit\u00e9 si la hauteur reste inf\u00e9rieure \u00e0 12 m.<\/li>\n<li><strong>De 5 \u00e0 20 m\u00b2 :<\/strong> d\u00e9claration pr\u00e9alable de travaux obligatoire en mairie.<\/li>\n<li><strong>Au-del\u00e0 de 20 m\u00b2 :<\/strong> permis de construire requis, avec d\u00e9lai d'instruction de 2 \u00e0 3 mois.<\/li>\n<\/ul>\n<p>\u00c0 ces seuils s'ajoutent les r\u00e8gles du <strong>Plan Local d'Urbanisme (PLU)<\/strong> de votre commune : distance minimale par rapport aux voisins, emprise au sol maximale autoris\u00e9e, aspect ext\u00e9rieur. Certaines zones class\u00e9es imposent des contraintes suppl\u00e9mentaires sur les mat\u00e9riaux ou les hauteurs. Une v\u00e9rification en mairie avant tout achat est non n\u00e9gociable.<\/p>\n<p><img loading=\"lazy\" decoding=\"async\" class=\"alignnone size-large wp-image-463\" src=\"https:\/\/maison.com\/blog\/wp-content\/uploads\/2026\/04\/comment-reflechir-a-l-implantation-de-son-futur-studio-de-jardin-1024x572.jpg\" alt=\"\" width=\"1024\" height=\"572\" srcset=\"https:\/\/maison.com\/blog\/wp-content\/uploads\/2026\/04\/comment-reflechir-a-l-implantation-de-son-futur-studio-de-jardin-1024x572.jpg 1024w, https:\/\/maison.com\/blog\/wp-content\/uploads\/2026\/04\/comment-reflechir-a-l-implantation-de-son-futur-studio-de-jardin-300x167.jpg 300w, https:\/\/maison.com\/blog\/wp-content\/uploads\/2026\/04\/comment-reflechir-a-l-implantation-de-son-futur-studio-de-jardin-768x429.jpg 768w, https:\/\/maison.com\/blog\/wp-content\/uploads\/2026\/04\/comment-reflechir-a-l-implantation-de-son-futur-studio-de-jardin-1536x857.jpg 1536w, https:\/\/maison.com\/blog\/wp-content\/uploads\/2026\/04\/comment-reflechir-a-l-implantation-de-son-futur-studio-de-jardin-2048x1143.jpg 2048w, https:\/\/maison.com\/blog\/wp-content\/uploads\/2026\/04\/comment-reflechir-a-l-implantation-de-son-futur-studio-de-jardin-scaled.jpg 2560w\" sizes=\"auto, (max-width: 1024px) 100vw, 1024px\" \/><\/p>\n<h2>3. Mat\u00e9riaux et niveau de finition : bois, kit ou cl\u00e9 en main ?<\/h2>\n<p>Le <strong>bois reste le mat\u00e9riau dominant pour les studios de jardin habitables<\/strong>. Ses avantages sont nombreux : isolant naturel, esth\u00e9tique, durable et compatible avec la plupart des r\u00e8glements d'urbanisme. Par ailleurs, le bois se d\u00e9cline en bardage Douglas, en m\u00e9l\u00e8ze ou en \u00e9pic\u00e9a trait\u00e9, avec des performances thermiques variables selon l'\u00e9paisseur des parois.<\/p>\n<p>Le <strong>container am\u00e9nag\u00e9 est une alternative moins co\u00fbteuse<\/strong> \u00e0 l'achat, mais son isolation impose des travaux sp\u00e9cifiques pour \u00eatre habitable en toute saison.<\/p>\n<p>La solution <strong>kit en autoconstruction<\/strong> r\u00e9duit le co\u00fbt total, mais exige du temps, des comp\u00e9tences et une organisation rigoureuse du chantier.<\/p>\n<p>\u00c0 l'inverse, un studio <strong>livr\u00e9 mont\u00e9 cl\u00e9 en main<\/strong> par un fabricant sp\u00e9cialis\u00e9 garantit une finition ma\u00eetris\u00e9e, un d\u00e9lai d'installation r\u00e9duit et souvent une meilleure garantie sur la structure. C'est \u00e9galement la seule option r\u00e9ellement adapt\u00e9e si le studio est destin\u00e9 \u00e0 \u00eatre habit\u00e9 \u00e0 l'ann\u00e9e.<\/p>\n<h2>4. Budget : les fourchettes de prix d'un studio de jardin \u00e0 anticiper<\/h2>\n<p>Le <strong>prix d'un studio de jardin habitable<\/strong> varie dans un rapport de 1 \u00e0 10 selon le niveau de finition, la surface et le mode de livraison :<\/p>\n<ul>\n<li><strong>Kit autoconstruction :<\/strong> 5 000 \u00e0 15 000 \u20ac selon la surface.<\/li>\n<li><strong>Solution interm\u00e9diaire pos\u00e9e :<\/strong> 20 000 \u00e0 45 000 \u20ac pour un 15 \u00e0 20 m\u00b2 bien isol\u00e9.<\/li>\n<li><strong>Cl\u00e9 en main haut de gamme :<\/strong> 50 000 \u00e0 90 000 \u20ac pour des finitions architecturales et une isolation performante.<\/li>\n<\/ul>\n<p>\u00c0 ce budget s'ajoutent les frais de raccordements (eau, \u00e9lectricit\u00e9, r\u00e9seau), qui peuvent repr\u00e9senter 3 000 \u00e0 8 000 \u20ac suppl\u00e9mentaires selon la distance aux r\u00e9seaux existants.<\/p>\n<p>Si votre projet inclut une <a href=\"https:\/\/maison.com\/blog\/poser-terrasse-en-bois\/\">terrasse en bois autour du studio<\/a>, pr\u00e9voyez \u00e9galement ce poste en amont pour \u00e9viter une deuxi\u00e8me intervention de chantier. Chaque ligne du budget anticip\u00e9e en amont, c'est une mauvaise surprise de moins en cours de r\u00e9alisation.<\/p>\n","protected":false},"excerpt":{"rendered":"<p>Am\u00e9nager un espace de vie autonome au fond du jardin s\u00e9duit de plus en plus de propri\u00e9taires : bureau ind\u00e9pendant, logement pour un proche, chambre d'ami ou pi\u00e8ce suppl\u00e9mentaire \u00e0 louer pour des revenus compl\u00e9mentaires. Le march\u00e9 propose aujourd'hui des dizaines de solutions, du kit \u00e0 monter soi-m\u00eame aux constructions cl\u00e9 en main de haut [&hellip;]<\/p>\n","protected":false},"author":1,"featured_media":462,"comment_status":"closed","ping_status":"closed","sticky":false,"template":"","format":"standard","meta":{"footnotes":""},"categories":[5],"tags":[],"class_list":["post-461","post","type-post","status-publish","format-standard","has-post-thumbnail","hentry","category-jardin"],"yoast_head":"<!-- This site is optimized with the Yoast SEO plugin v27.5 - https:\/\/yoast.com\/product\/yoast-seo-wordpress\/ -->\n<title>Quel studio de jardin choisir ? Les crit\u00e8res d\u00e9cisifs en 2026<\/title>\n<meta name=\"description\" content=\"Usage, surface, mat\u00e9riaux, budget : d\u00e9couvrez comment choisir votre studio de jardin habitable selon votre projet et la r\u00e9glementation en vigueur.\" \/>\n<meta name=\"robots\" content=\"index, follow, max-snippet:-1, max-image-preview:large, max-video-preview:-1\" \/>\n<link rel=\"canonical\" href=\"https:\/\/maison.com\/blog\/quel-studio-de-jardin-choisir\/\" \/>\n<meta property=\"og:locale\" content=\"fr_FR\" \/>\n<meta property=\"og:type\" content=\"article\" \/>\n<meta property=\"og:title\" content=\"Quel studio de jardin choisir ? Les crit\u00e8res d\u00e9cisifs en 2026\" \/>\n<meta property=\"og:description\" content=\"Usage, surface, mat\u00e9riaux, budget : d\u00e9couvrez comment choisir votre studio de jardin habitable selon votre projet et la r\u00e9glementation en vigueur.\" \/>\n<meta property=\"og:url\" content=\"https:\/\/maison.com\/blog\/quel-studio-de-jardin-choisir\/\" \/>\n<meta property=\"og:site_name\" content=\"Blog Maison.com\" \/>\n<meta property=\"article:published_time\" content=\"2026-04-27T09:06:52+00:00\" \/>\n<meta property=\"og:image\" content=\"https:\/\/maison.com\/blog\/wp-content\/uploads\/2026\/04\/Quel-studio-de-jardin-choisir-Criteres-decisifs-avant-dacheter-scaled.jpg\" \/>\n\t<meta property=\"og:image:width\" content=\"2560\" \/>\n\t<meta property=\"og:image:height\" content=\"1429\" \/>\n\t<meta property=\"og:image:type\" content=\"image\/jpeg\" \/>\n<meta name=\"author\" content=\"Estelle\" \/>\n<meta name=\"twitter:card\" content=\"summary_large_image\" \/>\n<meta name=\"twitter:label1\" content=\"\u00c9crit par\" \/>\n\t<meta name=\"twitter:data1\" content=\"Estelle\" \/>\n\t<meta name=\"twitter:label2\" content=\"Dur\u00e9e de lecture estim\u00e9e\" \/>\n\t<meta name=\"twitter:data2\" content=\"4 minutes\" \/>\n<script type=\"application\/ld+json\" class=\"yoast-schema-graph\">{\"@context\":\"https:\\\/\\\/schema.org\",\"@graph\":[{\"@type\":\"Article\",\"@id\":\"https:\\\/\\\/maison.com\\\/blog\\\/quel-studio-de-jardin-choisir\\\/#article\",\"isPartOf\":{\"@id\":\"https:\\\/\\\/maison.com\\\/blog\\\/quel-studio-de-jardin-choisir\\\/\"},\"author\":{\"name\":\"Estelle\",\"@id\":\"https:\\\/\\\/maison.com\\\/blog\\\/#\\\/schema\\\/person\\\/f36f345acc4c7826cbd50f2a1818e74d\"},\"headline\":\"Quel studio de jardin choisir ? Les crit\u00e8res d\u00e9cisifs avant d'acheter\",\"datePublished\":\"2026-04-27T09:06:52+00:00\",\"mainEntityOfPage\":{\"@id\":\"https:\\\/\\\/maison.com\\\/blog\\\/quel-studio-de-jardin-choisir\\\/\"},\"wordCount\":672,\"image\":{\"@id\":\"https:\\\/\\\/maison.com\\\/blog\\\/quel-studio-de-jardin-choisir\\\/#primaryimage\"},\"thumbnailUrl\":\"https:\\\/\\\/maison.com\\\/blog\\\/wp-content\\\/uploads\\\/2026\\\/04\\\/Quel-studio-de-jardin-choisir-Criteres-decisifs-avant-dacheter-scaled.jpg\",\"articleSection\":[\"Jardin\"],\"inLanguage\":\"fr-FR\"},{\"@type\":\"WebPage\",\"@id\":\"https:\\\/\\\/maison.com\\\/blog\\\/quel-studio-de-jardin-choisir\\\/\",\"url\":\"https:\\\/\\\/maison.com\\\/blog\\\/quel-studio-de-jardin-choisir\\\/\",\"name\":\"Quel studio de jardin choisir ? Les crit\u00e8res d\u00e9cisifs en 2026\",\"isPartOf\":{\"@id\":\"https:\\\/\\\/maison.com\\\/blog\\\/#website\"},\"primaryImageOfPage\":{\"@id\":\"https:\\\/\\\/maison.com\\\/blog\\\/quel-studio-de-jardin-choisir\\\/#primaryimage\"},\"image\":{\"@id\":\"https:\\\/\\\/maison.com\\\/blog\\\/quel-studio-de-jardin-choisir\\\/#primaryimage\"},\"thumbnailUrl\":\"https:\\\/\\\/maison.com\\\/blog\\\/wp-content\\\/uploads\\\/2026\\\/04\\\/Quel-studio-de-jardin-choisir-Criteres-decisifs-avant-dacheter-scaled.jpg\",\"datePublished\":\"2026-04-27T09:06:52+00:00\",\"author\":{\"@id\":\"https:\\\/\\\/maison.com\\\/blog\\\/#\\\/schema\\\/person\\\/f36f345acc4c7826cbd50f2a1818e74d\"},\"description\":\"Usage, surface, mat\u00e9riaux, budget : d\u00e9couvrez comment choisir votre studio de jardin habitable selon votre projet et la r\u00e9glementation en vigueur.\",\"breadcrumb\":{\"@id\":\"https:\\\/\\\/maison.com\\\/blog\\\/quel-studio-de-jardin-choisir\\\/#breadcrumb\"},\"inLanguage\":\"fr-FR\",\"potentialAction\":[{\"@type\":\"ReadAction\",\"target\":[\"https:\\\/\\\/maison.com\\\/blog\\\/quel-studio-de-jardin-choisir\\\/\"]}]},{\"@type\":\"ImageObject\",\"inLanguage\":\"fr-FR\",\"@id\":\"https:\\\/\\\/maison.com\\\/blog\\\/quel-studio-de-jardin-choisir\\\/#primaryimage\",\"url\":\"https:\\\/\\\/maison.com\\\/blog\\\/wp-content\\\/uploads\\\/2026\\\/04\\\/Quel-studio-de-jardin-choisir-Criteres-decisifs-avant-dacheter-scaled.jpg\",\"contentUrl\":\"https:\\\/\\\/maison.com\\\/blog\\\/wp-content\\\/uploads\\\/2026\\\/04\\\/Quel-studio-de-jardin-choisir-Criteres-decisifs-avant-dacheter-scaled.jpg\",\"width\":2560,\"height\":1429},{\"@type\":\"BreadcrumbList\",\"@id\":\"https:\\\/\\\/maison.com\\\/blog\\\/quel-studio-de-jardin-choisir\\\/#breadcrumb\",\"itemListElement\":[{\"@type\":\"ListItem\",\"position\":1,\"name\":\"Accueil\",\"item\":\"https:\\\/\\\/maison.com\\\/blog\\\/\"},{\"@type\":\"ListItem\",\"position\":2,\"name\":\"Quel studio de jardin choisir ? Les crit\u00e8res d\u00e9cisifs avant d'acheter\"}]},{\"@type\":\"WebSite\",\"@id\":\"https:\\\/\\\/maison.com\\\/blog\\\/#website\",\"url\":\"https:\\\/\\\/maison.com\\\/blog\\\/\",\"name\":\"Blog Maison.com\",\"description\":\"\",\"potentialAction\":[{\"@type\":\"SearchAction\",\"target\":{\"@type\":\"EntryPoint\",\"urlTemplate\":\"https:\\\/\\\/maison.com\\\/blog\\\/?s={search_term_string}\"},\"query-input\":{\"@type\":\"PropertyValueSpecification\",\"valueRequired\":true,\"valueName\":\"search_term_string\"}}],\"inLanguage\":\"fr-FR\"},{\"@type\":\"Person\",\"@id\":\"https:\\\/\\\/maison.com\\\/blog\\\/#\\\/schema\\\/person\\\/f36f345acc4c7826cbd50f2a1818e74d\",\"name\":\"Estelle\",\"image\":{\"@type\":\"ImageObject\",\"inLanguage\":\"fr-FR\",\"@id\":\"https:\\\/\\\/secure.gravatar.com\\\/avatar\\\/527e323e730b20c61af29436a56262bbb4a3e4ffb0660b4bf78d3ff690bf02c1?s=96&d=mm&r=g\",\"url\":\"https:\\\/\\\/secure.gravatar.com\\\/avatar\\\/527e323e730b20c61af29436a56262bbb4a3e4ffb0660b4bf78d3ff690bf02c1?s=96&d=mm&r=g\",\"contentUrl\":\"https:\\\/\\\/secure.gravatar.com\\\/avatar\\\/527e323e730b20c61af29436a56262bbb4a3e4ffb0660b4bf78d3ff690bf02c1?s=96&d=mm&r=g\",\"caption\":\"Estelle\"},\"sameAs\":[\"https:\\\/\\\/maison.com\\\/blog\"],\"url\":\"https:\\\/\\\/maison.com\\\/blog\\\/author\\\/scunadmin\\\/\"}]}<\/script>\n<!-- \/ Yoast SEO plugin. -->","yoast_head_json":{"title":"Quel studio de jardin choisir ? Les crit\u00e8res d\u00e9cisifs en 2026","description":"Usage, surface, mat\u00e9riaux, budget : d\u00e9couvrez comment choisir votre studio de jardin habitable selon votre projet et la r\u00e9glementation en vigueur.","robots":{"index":"index","follow":"follow","max-snippet":"max-snippet:-1","max-image-preview":"max-image-preview:large","max-video-preview":"max-video-preview:-1"},"canonical":"https:\/\/maison.com\/blog\/quel-studio-de-jardin-choisir\/","og_locale":"fr_FR","og_type":"article","og_title":"Quel studio de jardin choisir ? Les crit\u00e8res d\u00e9cisifs en 2026","og_description":"Usage, surface, mat\u00e9riaux, budget : d\u00e9couvrez comment choisir votre studio de jardin habitable selon votre projet et la r\u00e9glementation en vigueur.","og_url":"https:\/\/maison.com\/blog\/quel-studio-de-jardin-choisir\/","og_site_name":"Blog Maison.com","article_published_time":"2026-04-27T09:06:52+00:00","og_image":[{"width":2560,"height":1429,"url":"https:\/\/maison.com\/blog\/wp-content\/uploads\/2026\/04\/Quel-studio-de-jardin-choisir-Criteres-decisifs-avant-dacheter-scaled.jpg","type":"image\/jpeg"}],"author":"Estelle","twitter_card":"summary_large_image","twitter_misc":{"\u00c9crit par":"Estelle","Dur\u00e9e de lecture estim\u00e9e":"4 minutes"},"schema":{"@context":"https:\/\/schema.org","@graph":[{"@type":"Article","@id":"https:\/\/maison.com\/blog\/quel-studio-de-jardin-choisir\/#article","isPartOf":{"@id":"https:\/\/maison.com\/blog\/quel-studio-de-jardin-choisir\/"},"author":{"name":"Estelle","@id":"https:\/\/maison.com\/blog\/#\/schema\/person\/f36f345acc4c7826cbd50f2a1818e74d"},"headline":"Quel studio de jardin choisir ? Les crit\u00e8res d\u00e9cisifs avant d'acheter","datePublished":"2026-04-27T09:06:52+00:00","mainEntityOfPage":{"@id":"https:\/\/maison.com\/blog\/quel-studio-de-jardin-choisir\/"},"wordCount":672,"image":{"@id":"https:\/\/maison.com\/blog\/quel-studio-de-jardin-choisir\/#primaryimage"},"thumbnailUrl":"https:\/\/maison.com\/blog\/wp-content\/uploads\/2026\/04\/Quel-studio-de-jardin-choisir-Criteres-decisifs-avant-dacheter-scaled.jpg","articleSection":["Jardin"],"inLanguage":"fr-FR"},{"@type":"WebPage","@id":"https:\/\/maison.com\/blog\/quel-studio-de-jardin-choisir\/","url":"https:\/\/maison.com\/blog\/quel-studio-de-jardin-choisir\/","name":"Quel studio de jardin choisir ? Les crit\u00e8res d\u00e9cisifs en 2026","isPartOf":{"@id":"https:\/\/maison.com\/blog\/#website"},"primaryImageOfPage":{"@id":"https:\/\/maison.com\/blog\/quel-studio-de-jardin-choisir\/#primaryimage"},"image":{"@id":"https:\/\/maison.com\/blog\/quel-studio-de-jardin-choisir\/#primaryimage"},"thumbnailUrl":"https:\/\/maison.com\/blog\/wp-content\/uploads\/2026\/04\/Quel-studio-de-jardin-choisir-Criteres-decisifs-avant-dacheter-scaled.jpg","datePublished":"2026-04-27T09:06:52+00:00","author":{"@id":"https:\/\/maison.com\/blog\/#\/schema\/person\/f36f345acc4c7826cbd50f2a1818e74d"},"description":"Usage, surface, mat\u00e9riaux, budget : d\u00e9couvrez comment choisir votre studio de jardin habitable selon votre projet et la r\u00e9glementation en vigueur.","breadcrumb":{"@id":"https:\/\/maison.com\/blog\/quel-studio-de-jardin-choisir\/#breadcrumb"},"inLanguage":"fr-FR","potentialAction":[{"@type":"ReadAction","target":["https:\/\/maison.com\/blog\/quel-studio-de-jardin-choisir\/"]}]},{"@type":"ImageObject","inLanguage":"fr-FR","@id":"https:\/\/maison.com\/blog\/quel-studio-de-jardin-choisir\/#primaryimage","url":"https:\/\/maison.com\/blog\/wp-content\/uploads\/2026\/04\/Quel-studio-de-jardin-choisir-Criteres-decisifs-avant-dacheter-scaled.jpg","contentUrl":"https:\/\/maison.com\/blog\/wp-content\/uploads\/2026\/04\/Quel-studio-de-jardin-choisir-Criteres-decisifs-avant-dacheter-scaled.jpg","width":2560,"height":1429},{"@type":"BreadcrumbList","@id":"https:\/\/maison.com\/blog\/quel-studio-de-jardin-choisir\/#breadcrumb","itemListElement":[{"@type":"ListItem","position":1,"name":"Accueil","item":"https:\/\/maison.com\/blog\/"},{"@type":"ListItem","position":2,"name":"Quel studio de jardin choisir ? Les crit\u00e8res d\u00e9cisifs avant d'acheter"}]},{"@type":"WebSite","@id":"https:\/\/maison.com\/blog\/#website","url":"https:\/\/maison.com\/blog\/","name":"Blog Maison.com","description":"","potentialAction":[{"@type":"SearchAction","target":{"@type":"EntryPoint","urlTemplate":"https:\/\/maison.com\/blog\/?s={search_term_string}"},"query-input":{"@type":"PropertyValueSpecification","valueRequired":true,"valueName":"search_term_string"}}],"inLanguage":"fr-FR"},{"@type":"Person","@id":"https:\/\/maison.com\/blog\/#\/schema\/person\/f36f345acc4c7826cbd50f2a1818e74d","name":"Estelle","image":{"@type":"ImageObject","inLanguage":"fr-FR","@id":"https:\/\/secure.gravatar.com\/avatar\/527e323e730b20c61af29436a56262bbb4a3e4ffb0660b4bf78d3ff690bf02c1?s=96&d=mm&r=g","url":"https:\/\/secure.gravatar.com\/avatar\/527e323e730b20c61af29436a56262bbb4a3e4ffb0660b4bf78d3ff690bf02c1?s=96&d=mm&r=g","contentUrl":"https:\/\/secure.gravatar.com\/avatar\/527e323e730b20c61af29436a56262bbb4a3e4ffb0660b4bf78d3ff690bf02c1?s=96&d=mm&r=g","caption":"Estelle"},"sameAs":["https:\/\/maison.com\/blog"],"url":"https:\/\/maison.com\/blog\/author\/scunadmin\/"}]}},"_links":{"self":[{"href":"https:\/\/maison.com\/blog\/wp-json\/wp\/v2\/posts\/461","targetHints":{"allow":["GET"]}}],"collection":[{"href":"https:\/\/maison.com\/blog\/wp-json\/wp\/v2\/posts"}],"about":[{"href":"https:\/\/maison.com\/blog\/wp-json\/wp\/v2\/types\/post"}],"author":[{"embeddable":true,"href":"https:\/\/maison.com\/blog\/wp-json\/wp\/v2\/users\/1"}],"replies":[{"embeddable":true,"href":"https:\/\/maison.com\/blog\/wp-json\/wp\/v2\/comments?post=461"}],"version-history":[{"count":1,"href":"https:\/\/maison.com\/blog\/wp-json\/wp\/v2\/posts\/461\/revisions"}],"predecessor-version":[{"id":464,"href":"https:\/\/maison.com\/blog\/wp-json\/wp\/v2\/posts\/461\/revisions\/464"}],"wp:featuredmedia":[{"embeddable":true,"href":"https:\/\/maison.com\/blog\/wp-json\/wp\/v2\/media\/462"}],"wp:attachment":[{"href":"https:\/\/maison.com\/blog\/wp-json\/wp\/v2\/media?parent=461"}],"wp:term":[{"taxonomy":"category","embeddable":true,"href":"https:\/\/maison.com\/blog\/wp-json\/wp\/v2\/categories?post=461"},{"taxonomy":"post_tag","embeddable":true,"href":"https:\/\/maison.com\/blog\/wp-json\/wp\/v2\/tags?post=461"}],"curies":[{"name":"wp","href":"https:\/\/api.w.org\/{rel}","templated":true}]}}