{"id":425,"date":"2026-03-24T10:52:14","date_gmt":"2026-03-24T09:52:14","guid":{"rendered":"https:\/\/maison.com\/blog\/?p=425"},"modified":"2026-03-12T11:12:27","modified_gmt":"2026-03-12T10:12:27","slug":"eclairage-exterieur-solaire","status":"publish","type":"post","link":"https:\/\/maison.com\/blog\/eclairage-exterieur-solaire\/","title":{"rendered":"\u00c9clairage ext\u00e9rieur solaire : comment choisir selon l'usage et la puissance"},"content":{"rendered":"<p class=\"font-claude-response-body break-words whitespace-normal leading-[1.7]\"><strong>L'\u00e9clairage ext\u00e9rieur solaire<\/strong> r\u00e9pond \u00e0 des besoins tr\u00e8s diff\u00e9rents selon l'emplacement : s\u00e9curiser une entr\u00e9e, baliser une all\u00e9e, \u00e9clairer un escalier ou cr\u00e9er une ambiance sur une terrasse ne demande pas le m\u00eame type de luminaire, ni la m\u00eame puissance. Le choix se fait en croisant trois param\u00e8tres : le type de luminaire adapt\u00e9 \u00e0 la zone \u00e0 \u00e9clairer, le flux lumineux en lumens suffisant pour l'usage, et les fonctionnalit\u00e9s (d\u00e9tecteur, interrupteur, t\u00e9l\u00e9commande) qui correspondent au contexte d'utilisation.<\/p>\n<h2 class=\"text-text-100 mt-3 -mb-1 text-[1.125rem] font-bold\">\u00c9clairage ext\u00e9rieur solaire : quels luminaires pour quel espace ?<\/h2>\n<p class=\"font-claude-response-body break-words whitespace-normal leading-[1.7]\">Le march\u00e9 propose quatre grandes familles de luminaires solaires, chacune con\u00e7ue pour un usage sp\u00e9cifique.<\/p>\n<div class=\"overflow-x-auto w-full px-2 mb-6\">\n<table class=\"min-w-full border-collapse text-sm leading-[1.7] whitespace-normal\">\n<thead class=\"text-left\">\n<tr>\n<th class=\"text-text-100 border-b-0.5 border-border-300\/60 py-2 pr-4 align-top font-bold\" scope=\"col\">Type de luminaire<\/th>\n<th class=\"text-text-100 border-b-0.5 border-border-300\/60 py-2 pr-4 align-top font-bold\" scope=\"col\">Usage principal<\/th>\n<th class=\"text-text-100 border-b-0.5 border-border-300\/60 py-2 pr-4 align-top font-bold\" scope=\"col\">Puissance indicative<\/th>\n<th class=\"text-text-100 border-b-0.5 border-border-300\/60 py-2 pr-4 align-top font-bold\" scope=\"col\">Zone adapt\u00e9e<\/th>\n<\/tr>\n<\/thead>\n<tbody>\n<tr>\n<td class=\"border-b-0.5 border-border-300\/30 py-2 pr-4 align-top\">Applique murale solaire<\/td>\n<td class=\"border-b-0.5 border-border-300\/30 py-2 pr-4 align-top\">\u00c9clairage de fa\u00e7ade, entr\u00e9e<\/td>\n<td class=\"border-b-0.5 border-border-300\/30 py-2 pr-4 align-top\">200 \u00e0 800 lm<\/td>\n<td class=\"border-b-0.5 border-border-300\/30 py-2 pr-4 align-top\">Mur, garage, portail<\/td>\n<\/tr>\n<tr>\n<td class=\"border-b-0.5 border-border-300\/30 py-2 pr-4 align-top\">Spot \/ projecteur solaire<\/td>\n<td class=\"border-b-0.5 border-border-300\/30 py-2 pr-4 align-top\">S\u00e9curit\u00e9, large couverture<\/td>\n<td class=\"border-b-0.5 border-border-300\/30 py-2 pr-4 align-top\">800 \u00e0 2 000 lm<\/td>\n<td class=\"border-b-0.5 border-border-300\/30 py-2 pr-4 align-top\">All\u00e9e, jardin, p\u00e9riph\u00e9rie<\/td>\n<\/tr>\n<tr>\n<td class=\"border-b-0.5 border-border-300\/30 py-2 pr-4 align-top\">Borne \/ potelet solaire<\/td>\n<td class=\"border-b-0.5 border-border-300\/30 py-2 pr-4 align-top\">Balisage, cheminement<\/td>\n<td class=\"border-b-0.5 border-border-300\/30 py-2 pr-4 align-top\">50 \u00e0 200 lm<\/td>\n<td class=\"border-b-0.5 border-border-300\/30 py-2 pr-4 align-top\">All\u00e9e, massif, bordure<\/td>\n<\/tr>\n<tr>\n<td class=\"border-b-0.5 border-border-300\/30 py-2 pr-4 align-top\">Spot encastr\u00e9 escalier<\/td>\n<td class=\"border-b-0.5 border-border-300\/30 py-2 pr-4 align-top\">Balisage des marches<\/td>\n<td class=\"border-b-0.5 border-border-300\/30 py-2 pr-4 align-top\">20 \u00e0 80 lm<\/td>\n<td class=\"border-b-0.5 border-border-300\/30 py-2 pr-4 align-top\">Escalier, marche, muret<\/td>\n<\/tr>\n<\/tbody>\n<\/table>\n<\/div>\n<p class=\"font-claude-response-body break-words whitespace-normal leading-[1.7]\">Les spots projecteurs \u00e0 panneau solaire d\u00e9port\u00e9 (le panneau est s\u00e9par\u00e9 du luminaire par un c\u00e2ble) permettent de placer le capteur au soleil et le projecteur \u00e0 l'ombre \u2014 une solution \u00e0 consid\u00e9rer pour les fa\u00e7ades nord ou les garages couverts, o\u00f9 un mod\u00e8le int\u00e9gr\u00e9 ne se chargerait jamais correctement.<\/p>\n<p class=\"font-claude-response-body break-words whitespace-normal leading-[1.7]\">Pour la terrasse, les bornes et les luminaires d'ambiance (boules, lanternes) assurent une lumi\u00e8re diffuse sans \u00e9blouissement. Une r\u00e9flexion en amont de votre projet sur la <a class=\"underline underline underline-offset-2 decoration-1 decoration-current\/40 hover:decoration-current focus:decoration-current\" href=\"https:\/\/maison.com\/jardin\/balcon-terrasse\/mise-lumiere-terrasse-5126\/\">mise en lumi\u00e8re de la terrasse<\/a> permet de combiner plusieurs niveaux d'\u00e9clairage plut\u00f4t que de multiplier les points lumineux \u00e0 la m\u00eame hauteur.<\/p>\n<h2 class=\"text-text-100 mt-3 -mb-1 text-[1.125rem] font-bold\">Quelle puissance LED choisir pour un \u00e9clairage ext\u00e9rieur solaire ?<\/h2>\n<p class=\"font-claude-response-body break-words whitespace-normal leading-[1.7]\">La puissance s'exprime en <strong>lumens (lm)<\/strong>, pas en watts \u2014 les watts indiquent la consommation \u00e9lectrique, pas la quantit\u00e9 de lumi\u00e8re \u00e9mise. Les rep\u00e8res pratiques selon l'usage sont les suivants :<\/p>\n<ul class=\"[li_&amp;]:mb-0 [li_&amp;]:mt-1 [li_&amp;]:gap-1 [&amp;:not(:last-child)_ul]:pb-1 [&amp;:not(:last-child)_ol]:pb-1 list-disc flex flex-col gap-1 pl-8 mb-3\">\n<li class=\"whitespace-normal break-words pl-2\"><strong>Balisage de chemin ou d'escalier :<\/strong> 20 \u00e0 100 lm suffisent. L'objectif est de voir o\u00f9 poser le pied, pas d'\u00e9clairer la zone.<\/li>\n<li class=\"whitespace-normal break-words pl-2\"><strong>\u00c9clairage d'ambiance sur terrasse :<\/strong> 100 \u00e0 300 lm par point lumineux, en multipliant les sources \u00e0 faible intensit\u00e9 plut\u00f4t qu'en concentrant tout sur un seul spot puissant.<\/li>\n<li class=\"whitespace-normal break-words pl-2\"><strong>\u00c9clairage fonctionnel d'une entr\u00e9e ou d'un garage :<\/strong> 400 \u00e0 600 lm pour voir confortablement sans \u00e9blouissement.<\/li>\n<li class=\"whitespace-normal break-words pl-2\"><strong>S\u00e9curit\u00e9 et surveillance (all\u00e9e, p\u00e9rim\u00e8tre) :<\/strong> 800 \u00e0 1 500 lm minimum, avec d\u00e9tecteur de mouvement pour concentrer la puissance sur les instants utiles et pr\u00e9server l'autonomie de la batterie.<\/li>\n<li class=\"whitespace-normal break-words pl-2\"><strong>Grande surface ou terrain :<\/strong> au-del\u00e0 de 1 500 lm, pr\u00e9f\u00e9rer un kit avec panneau solaire s\u00e9par\u00e9 pour garantir une recharge suffisante.<\/li>\n<\/ul>\n<p class=\"font-claude-response-body break-words whitespace-normal leading-[1.7]\">Un mod\u00e8le affich\u00e9 \u00e0 2 000 lm n'atteindra cette valeur que dans des conditions de charge optimales (plein ensoleillement, batterie neuve). En conditions r\u00e9elles hivernales ou par ciel couvert, les performances chutent de 30 \u00e0 50 %. Il vaut mieux sur-dimensionner l\u00e9g\u00e8rement la puissance que d'acheter au plus juste et d'obtenir une lumi\u00e8re insuffisante d\u00e8s novembre.<\/p>\n<p><iframe loading=\"lazy\" title=\"LAMPE SOLAIRE 8 LEDs \u00c9TANCHE IP65 | ID\u00c9AL POUR \u00c9CLAIRER UN JARDIN, UNE ALL\u00c9E, UN ESCALIER ... \ud83c\udf3b\" width=\"500\" height=\"281\" src=\"https:\/\/www.youtube.com\/embed\/aOJT1f_yYmc?feature=oembed\" frameborder=\"0\" allow=\"accelerometer; autoplay; clipboard-write; encrypted-media; gyroscope; picture-in-picture; web-share\" referrerpolicy=\"strict-origin-when-cross-origin\" allowfullscreen><\/iframe><\/p>\n<h2 class=\"text-text-100 mt-3 -mb-1 text-[1.125rem] font-bold\">\u00c9clairage ext\u00e9rieur solaire avec d\u00e9tecteur de mouvement : lequel choisir et comment le r\u00e9gler ?<\/h2>\n<p class=\"font-claude-response-body break-words whitespace-normal leading-[1.7]\">Le <strong>d\u00e9tecteur de mouvement<\/strong> est la fonctionnalit\u00e9 la plus demand\u00e9e sur l'\u00e9clairage solaire ext\u00e9rieur, et pour cause : il prolonge l'autonomie de la batterie en n'activant la lumi\u00e8re que quand c'est n\u00e9cessaire, tout en assurant une fonction dissuasive \u00e0 l'entr\u00e9e de la propri\u00e9t\u00e9.<\/p>\n<p class=\"font-claude-response-body break-words whitespace-normal leading-[1.7]\">Trois param\u00e8tres sont r\u00e9glables sur la majorit\u00e9 des mod\u00e8les actuels :<\/p>\n<ul class=\"[li_&amp;]:mb-0 [li_&amp;]:mt-1 [li_&amp;]:gap-1 [&amp;:not(:last-child)_ul]:pb-1 [&amp;:not(:last-child)_ol]:pb-1 list-disc flex flex-col gap-1 pl-8 mb-3\">\n<li class=\"whitespace-normal break-words pl-2\"><strong>La sensibilit\u00e9<\/strong> (ou seuil de d\u00e9tection) : \u00e0 r\u00e9gler selon l'environnement. Un seuil trop bas d\u00e9clenchera le luminaire au moindre mouvement de v\u00e9g\u00e9tation ; trop \u00e9lev\u00e9, il ne d\u00e9tecte pas une personne \u00e0 distance.<\/li>\n<li class=\"whitespace-normal break-words pl-2\"><strong>L'angle de d\u00e9tection<\/strong> : les mod\u00e8les standards couvrent 120\u00b0 \u00e0 180\u00b0. Pour une all\u00e9e \u00e9troite, un angle large g\u00e9n\u00e8re des fausses d\u00e9tections ; un mod\u00e8le \u00e0 angle ajustable est pr\u00e9f\u00e9rable.<\/li>\n<li class=\"whitespace-normal break-words pl-2\"><strong>La temporisation<\/strong> : dur\u00e9e pendant laquelle la lumi\u00e8re reste allum\u00e9e apr\u00e8s d\u00e9tection. 20 \u00e0 30 secondes suffisent pour un acc\u00e8s ponctuel ; pr\u00e9voir 1 \u00e0 3 minutes pour une terrasse ou une zone de passage r\u00e9gulier.<\/li>\n<\/ul>\n<p class=\"font-claude-response-body break-words whitespace-normal leading-[1.7]\">Certains mod\u00e8les proposent un mode veille lumineux constant (lumi\u00e8re faible en permanence, lumi\u00e8re forte \u00e0 la d\u00e9tection), ce qui combine balisage et s\u00e9curit\u00e9 sans sacrifier l'autonomie. C'est la configuration la plus polyvalente pour une entr\u00e9e ou un portail.<\/p>\n<h2 class=\"text-text-100 mt-3 -mb-1 text-[1.125rem] font-bold\">\u00c9clairage solaire avec interrupteur ou t\u00e9l\u00e9commande : quels avantages ?<\/h2>\n<p class=\"font-claude-response-body break-words whitespace-normal leading-[1.7]\">Les mod\u00e8les avec <strong>interrupteur int\u00e9gr\u00e9<\/strong> permettent de conserver un contr\u00f4le manuel sur l'allumage, ind\u00e9pendamment du d\u00e9tecteur ou du cycle jour\/nuit. Utile pour maintenir l'\u00e9clairage allum\u00e9 en continu pendant une soir\u00e9e sans subir les d\u00e9clenchements r\u00e9p\u00e9t\u00e9s du d\u00e9tecteur.<\/p>\n<p class=\"font-claude-response-body break-words whitespace-normal leading-[1.7]\">Les mod\u00e8les avec <strong>t\u00e9l\u00e9commande<\/strong> ajoutent la possibilit\u00e9 de g\u00e9rer plusieurs luminaires depuis un point central, de r\u00e9gler la temporisation ou le mode de fonctionnement sans acc\u00e9der physiquement au bo\u00eetier \u2014 pratique pour les luminaires en hauteur ou en fa\u00e7ade difficile d'acc\u00e8s.<\/p>\n<p class=\"font-claude-response-body break-words whitespace-normal leading-[1.7]\">Le mod\u00e8le <strong>connect\u00e9<\/strong> (pilot\u00e9 par application smartphone) reste une option de niche, pertinente uniquement si l'installation comprend plusieurs points lumineux \u00e0 g\u00e9rer de fa\u00e7on coordonn\u00e9e. Pour un usage r\u00e9sidentiel standard, l'interrupteur int\u00e9gr\u00e9 suffit largement et simplifie la maintenance.<\/p>\n<h2 class=\"text-text-100 mt-3 -mb-1 text-[1.125rem] font-bold\">\u00c9clairage ext\u00e9rieur solaire de qualit\u00e9 : quelle batterie et quel indice IP ?<\/h2>\n<p class=\"font-claude-response-body break-words whitespace-normal leading-[1.7]\">La durabilit\u00e9 d'un <strong>\u00e9clairage ext\u00e9rieur solaire de qualit\u00e9<\/strong> d\u00e9pend principalement de deux \u00e9l\u00e9ments que les fiches produit d\u00e9taillent rarement en bonne place.<\/p>\n<p class=\"font-claude-response-body break-words whitespace-normal leading-[1.7]\"><strong>La batterie<\/strong> conditionne l'autonomie et la long\u00e9vit\u00e9 du produit. Les batteries lithium-ion offrent une densit\u00e9 d'\u00e9nergie sup\u00e9rieure, une meilleure r\u00e9sistance aux temp\u00e9ratures n\u00e9gatives et une dur\u00e9e de vie de 3 \u00e0 5 ans. Les batteries NiMH (nickel-m\u00e9tal-hydrure), encore pr\u00e9sentes sur les entr\u00e9es de gamme, supportent moins bien le froid hivernal et se d\u00e9gradent plus vite. En dehors de l'autonomie affich\u00e9e (en heures), v\u00e9rifier la capacit\u00e9 en mAh : en dessous de 1 200 mAh pour un projecteur de s\u00e9curit\u00e9, la performance hivernale sera d\u00e9cevante.<\/p>\n<p class=\"font-claude-response-body break-words whitespace-normal leading-[1.7]\"><strong>L'indice de protection IP<\/strong> indique la r\u00e9sistance aux projections d'eau et aux corps solides. Pour l'ext\u00e9rieur :<\/p>\n<ul class=\"[li_&amp;]:mb-0 [li_&amp;]:mt-1 [li_&amp;]:gap-1 [&amp;:not(:last-child)_ul]:pb-1 [&amp;:not(:last-child)_ol]:pb-1 list-disc flex flex-col gap-1 pl-8 mb-3\">\n<li class=\"whitespace-normal break-words pl-2\"><strong>IP44<\/strong> : r\u00e9sistance aux projections d'eau dans toutes les directions. Suffisant pour une terrasse abrit\u00e9e ou un balcon.<\/li>\n<li class=\"whitespace-normal break-words pl-2\"><strong>IP65<\/strong> : \u00e9tanche aux jets d'eau. Standard recommand\u00e9 pour tout luminaire expos\u00e9 (fa\u00e7ade, jardin, all\u00e9e).<\/li>\n<li class=\"whitespace-normal break-words pl-2\"><strong>IP66 et au-del\u00e0<\/strong> : r\u00e9sistance aux jets puissants et \u00e0 l'immersion temporaire. Utile pour les zones tr\u00e8s expos\u00e9es (bord de piscine, toiture) ou les r\u00e9gions \u00e0 fortes pr\u00e9cipitations.<\/li>\n<\/ul>\n<p class=\"font-claude-response-body break-words whitespace-normal leading-[1.7]\">Un luminaire avec indice IP44 install\u00e9 directement sous la pluie aura une dur\u00e9e de vie r\u00e9duite, quelle que soit sa marque. C'est l'erreur la plus fr\u00e9quente et la plus \u00e9vitable lors du choix. Pour une approche compl\u00e8te de la strat\u00e9gie lumineuse sur l'ensemble de la propri\u00e9t\u00e9, les principes d\u00e9velopp\u00e9s pour <a class=\"underline underline underline-offset-2 decoration-1 decoration-current\/40 hover:decoration-current focus:decoration-current\" href=\"https:\/\/www.maison.com\/jardin\/deco-jardins\/eclairer-exterieur-maison-6703\/\">\u00e9clairer l'ext\u00e9rieur de sa maison<\/a> restent les plus solides : travailler par zones, varier les hauteurs et les intensit\u00e9s, et distinguer les besoins fonctionnels des besoins d'ambiance avant d'acheter.<\/p>\n","protected":false},"excerpt":{"rendered":"<p>L'\u00e9clairage ext\u00e9rieur solaire r\u00e9pond \u00e0 des besoins tr\u00e8s diff\u00e9rents selon l'emplacement : s\u00e9curiser une entr\u00e9e, baliser une all\u00e9e, \u00e9clairer un escalier ou cr\u00e9er une ambiance sur une terrasse ne demande pas le m\u00eame type de luminaire, ni la m\u00eame puissance. Le choix se fait en croisant trois param\u00e8tres : le type de luminaire adapt\u00e9 \u00e0 [&hellip;]<\/p>\n","protected":false},"author":1,"featured_media":427,"comment_status":"open","ping_status":"open","sticky":false,"template":"","format":"standard","meta":{"footnotes":""},"categories":[5],"tags":[],"class_list":["post-425","post","type-post","status-publish","format-standard","has-post-thumbnail","hentry","category-jardin"],"yoast_head":"<!-- This site is optimized with the Yoast SEO plugin v27.5 - https:\/\/yoast.com\/product\/yoast-seo-wordpress\/ -->\n<title>\u00c9clairage ext\u00e9rieur solaire : quelle puissance choisir ?<\/title>\n<meta name=\"description\" content=\"D\u00e9tecteur de mouvement, puissance en lumens : comment choisir un \u00e9clairage ext\u00e9rieur solaire pour votre jardin, terrasse ou fa\u00e7ade ? Guide\" \/>\n<meta name=\"robots\" content=\"index, follow, max-snippet:-1, max-image-preview:large, max-video-preview:-1\" \/>\n<link rel=\"canonical\" href=\"https:\/\/maison.com\/blog\/eclairage-exterieur-solaire\/\" \/>\n<meta property=\"og:locale\" content=\"fr_FR\" \/>\n<meta property=\"og:type\" content=\"article\" \/>\n<meta property=\"og:title\" content=\"\u00c9clairage ext\u00e9rieur solaire : quelle puissance choisir ?\" \/>\n<meta property=\"og:description\" content=\"D\u00e9tecteur de mouvement, puissance en lumens : comment choisir un \u00e9clairage ext\u00e9rieur solaire pour votre jardin, terrasse ou fa\u00e7ade ? Guide\" \/>\n<meta property=\"og:url\" content=\"https:\/\/maison.com\/blog\/eclairage-exterieur-solaire\/\" \/>\n<meta property=\"og:site_name\" content=\"Blog Maison.com\" \/>\n<meta property=\"article:published_time\" content=\"2026-03-24T09:52:14+00:00\" \/>\n<meta property=\"og:image\" content=\"https:\/\/maison.com\/blog\/wp-content\/uploads\/2026\/03\/eclairage-led-solaire-allee-de-jardin.jpeg\" \/>\n\t<meta property=\"og:image:width\" content=\"1376\" \/>\n\t<meta property=\"og:image:height\" content=\"768\" \/>\n\t<meta property=\"og:image:type\" content=\"image\/jpeg\" \/>\n<meta name=\"author\" content=\"Estelle\" \/>\n<meta name=\"twitter:card\" content=\"summary_large_image\" \/>\n<meta name=\"twitter:label1\" content=\"\u00c9crit par\" \/>\n\t<meta name=\"twitter:data1\" content=\"Estelle\" \/>\n\t<meta name=\"twitter:label2\" content=\"Dur\u00e9e de lecture estim\u00e9e\" \/>\n\t<meta name=\"twitter:data2\" content=\"6 minutes\" \/>\n<script type=\"application\/ld+json\" class=\"yoast-schema-graph\">{\"@context\":\"https:\\\/\\\/schema.org\",\"@graph\":[{\"@type\":\"Article\",\"@id\":\"https:\\\/\\\/maison.com\\\/blog\\\/eclairage-exterieur-solaire\\\/#article\",\"isPartOf\":{\"@id\":\"https:\\\/\\\/maison.com\\\/blog\\\/eclairage-exterieur-solaire\\\/\"},\"author\":{\"name\":\"Estelle\",\"@id\":\"https:\\\/\\\/maison.com\\\/blog\\\/#\\\/schema\\\/person\\\/f36f345acc4c7826cbd50f2a1818e74d\"},\"headline\":\"\u00c9clairage ext\u00e9rieur solaire : comment choisir selon l'usage et la puissance\",\"datePublished\":\"2026-03-24T09:52:14+00:00\",\"mainEntityOfPage\":{\"@id\":\"https:\\\/\\\/maison.com\\\/blog\\\/eclairage-exterieur-solaire\\\/\"},\"wordCount\":1231,\"commentCount\":0,\"image\":{\"@id\":\"https:\\\/\\\/maison.com\\\/blog\\\/eclairage-exterieur-solaire\\\/#primaryimage\"},\"thumbnailUrl\":\"https:\\\/\\\/maison.com\\\/blog\\\/wp-content\\\/uploads\\\/2026\\\/03\\\/eclairage-led-solaire-allee-de-jardin.jpeg\",\"articleSection\":[\"Jardin\"],\"inLanguage\":\"fr-FR\",\"potentialAction\":[{\"@type\":\"CommentAction\",\"name\":\"Comment\",\"target\":[\"https:\\\/\\\/maison.com\\\/blog\\\/eclairage-exterieur-solaire\\\/#respond\"]}]},{\"@type\":\"WebPage\",\"@id\":\"https:\\\/\\\/maison.com\\\/blog\\\/eclairage-exterieur-solaire\\\/\",\"url\":\"https:\\\/\\\/maison.com\\\/blog\\\/eclairage-exterieur-solaire\\\/\",\"name\":\"\u00c9clairage ext\u00e9rieur solaire : quelle puissance choisir ?\",\"isPartOf\":{\"@id\":\"https:\\\/\\\/maison.com\\\/blog\\\/#website\"},\"primaryImageOfPage\":{\"@id\":\"https:\\\/\\\/maison.com\\\/blog\\\/eclairage-exterieur-solaire\\\/#primaryimage\"},\"image\":{\"@id\":\"https:\\\/\\\/maison.com\\\/blog\\\/eclairage-exterieur-solaire\\\/#primaryimage\"},\"thumbnailUrl\":\"https:\\\/\\\/maison.com\\\/blog\\\/wp-content\\\/uploads\\\/2026\\\/03\\\/eclairage-led-solaire-allee-de-jardin.jpeg\",\"datePublished\":\"2026-03-24T09:52:14+00:00\",\"author\":{\"@id\":\"https:\\\/\\\/maison.com\\\/blog\\\/#\\\/schema\\\/person\\\/f36f345acc4c7826cbd50f2a1818e74d\"},\"description\":\"D\u00e9tecteur de mouvement, puissance en lumens : comment choisir un \u00e9clairage ext\u00e9rieur solaire pour votre jardin, terrasse ou fa\u00e7ade ? Guide\",\"breadcrumb\":{\"@id\":\"https:\\\/\\\/maison.com\\\/blog\\\/eclairage-exterieur-solaire\\\/#breadcrumb\"},\"inLanguage\":\"fr-FR\",\"potentialAction\":[{\"@type\":\"ReadAction\",\"target\":[\"https:\\\/\\\/maison.com\\\/blog\\\/eclairage-exterieur-solaire\\\/\"]}]},{\"@type\":\"ImageObject\",\"inLanguage\":\"fr-FR\",\"@id\":\"https:\\\/\\\/maison.com\\\/blog\\\/eclairage-exterieur-solaire\\\/#primaryimage\",\"url\":\"https:\\\/\\\/maison.com\\\/blog\\\/wp-content\\\/uploads\\\/2026\\\/03\\\/eclairage-led-solaire-allee-de-jardin.jpeg\",\"contentUrl\":\"https:\\\/\\\/maison.com\\\/blog\\\/wp-content\\\/uploads\\\/2026\\\/03\\\/eclairage-led-solaire-allee-de-jardin.jpeg\",\"width\":1376,\"height\":768},{\"@type\":\"BreadcrumbList\",\"@id\":\"https:\\\/\\\/maison.com\\\/blog\\\/eclairage-exterieur-solaire\\\/#breadcrumb\",\"itemListElement\":[{\"@type\":\"ListItem\",\"position\":1,\"name\":\"Accueil\",\"item\":\"https:\\\/\\\/maison.com\\\/blog\\\/\"},{\"@type\":\"ListItem\",\"position\":2,\"name\":\"\u00c9clairage ext\u00e9rieur solaire : comment choisir selon l'usage et la puissance\"}]},{\"@type\":\"WebSite\",\"@id\":\"https:\\\/\\\/maison.com\\\/blog\\\/#website\",\"url\":\"https:\\\/\\\/maison.com\\\/blog\\\/\",\"name\":\"Blog Maison.com\",\"description\":\"\",\"potentialAction\":[{\"@type\":\"SearchAction\",\"target\":{\"@type\":\"EntryPoint\",\"urlTemplate\":\"https:\\\/\\\/maison.com\\\/blog\\\/?s={search_term_string}\"},\"query-input\":{\"@type\":\"PropertyValueSpecification\",\"valueRequired\":true,\"valueName\":\"search_term_string\"}}],\"inLanguage\":\"fr-FR\"},{\"@type\":\"Person\",\"@id\":\"https:\\\/\\\/maison.com\\\/blog\\\/#\\\/schema\\\/person\\\/f36f345acc4c7826cbd50f2a1818e74d\",\"name\":\"Estelle\",\"image\":{\"@type\":\"ImageObject\",\"inLanguage\":\"fr-FR\",\"@id\":\"https:\\\/\\\/secure.gravatar.com\\\/avatar\\\/527e323e730b20c61af29436a56262bbb4a3e4ffb0660b4bf78d3ff690bf02c1?s=96&d=mm&r=g\",\"url\":\"https:\\\/\\\/secure.gravatar.com\\\/avatar\\\/527e323e730b20c61af29436a56262bbb4a3e4ffb0660b4bf78d3ff690bf02c1?s=96&d=mm&r=g\",\"contentUrl\":\"https:\\\/\\\/secure.gravatar.com\\\/avatar\\\/527e323e730b20c61af29436a56262bbb4a3e4ffb0660b4bf78d3ff690bf02c1?s=96&d=mm&r=g\",\"caption\":\"Estelle\"},\"sameAs\":[\"https:\\\/\\\/maison.com\\\/blog\"],\"url\":\"https:\\\/\\\/maison.com\\\/blog\\\/author\\\/scunadmin\\\/\"}]}<\/script>\n<!-- \/ Yoast SEO plugin. -->","yoast_head_json":{"title":"\u00c9clairage ext\u00e9rieur solaire : quelle puissance choisir ?","description":"D\u00e9tecteur de mouvement, puissance en lumens : comment choisir un \u00e9clairage ext\u00e9rieur solaire pour votre jardin, terrasse ou fa\u00e7ade ? Guide","robots":{"index":"index","follow":"follow","max-snippet":"max-snippet:-1","max-image-preview":"max-image-preview:large","max-video-preview":"max-video-preview:-1"},"canonical":"https:\/\/maison.com\/blog\/eclairage-exterieur-solaire\/","og_locale":"fr_FR","og_type":"article","og_title":"\u00c9clairage ext\u00e9rieur solaire : quelle puissance choisir ?","og_description":"D\u00e9tecteur de mouvement, puissance en lumens : comment choisir un \u00e9clairage ext\u00e9rieur solaire pour votre jardin, terrasse ou fa\u00e7ade ? Guide","og_url":"https:\/\/maison.com\/blog\/eclairage-exterieur-solaire\/","og_site_name":"Blog Maison.com","article_published_time":"2026-03-24T09:52:14+00:00","og_image":[{"width":1376,"height":768,"url":"https:\/\/maison.com\/blog\/wp-content\/uploads\/2026\/03\/eclairage-led-solaire-allee-de-jardin.jpeg","type":"image\/jpeg"}],"author":"Estelle","twitter_card":"summary_large_image","twitter_misc":{"\u00c9crit par":"Estelle","Dur\u00e9e de lecture estim\u00e9e":"6 minutes"},"schema":{"@context":"https:\/\/schema.org","@graph":[{"@type":"Article","@id":"https:\/\/maison.com\/blog\/eclairage-exterieur-solaire\/#article","isPartOf":{"@id":"https:\/\/maison.com\/blog\/eclairage-exterieur-solaire\/"},"author":{"name":"Estelle","@id":"https:\/\/maison.com\/blog\/#\/schema\/person\/f36f345acc4c7826cbd50f2a1818e74d"},"headline":"\u00c9clairage ext\u00e9rieur solaire : comment choisir selon l'usage et la puissance","datePublished":"2026-03-24T09:52:14+00:00","mainEntityOfPage":{"@id":"https:\/\/maison.com\/blog\/eclairage-exterieur-solaire\/"},"wordCount":1231,"commentCount":0,"image":{"@id":"https:\/\/maison.com\/blog\/eclairage-exterieur-solaire\/#primaryimage"},"thumbnailUrl":"https:\/\/maison.com\/blog\/wp-content\/uploads\/2026\/03\/eclairage-led-solaire-allee-de-jardin.jpeg","articleSection":["Jardin"],"inLanguage":"fr-FR","potentialAction":[{"@type":"CommentAction","name":"Comment","target":["https:\/\/maison.com\/blog\/eclairage-exterieur-solaire\/#respond"]}]},{"@type":"WebPage","@id":"https:\/\/maison.com\/blog\/eclairage-exterieur-solaire\/","url":"https:\/\/maison.com\/blog\/eclairage-exterieur-solaire\/","name":"\u00c9clairage ext\u00e9rieur solaire : quelle puissance choisir ?","isPartOf":{"@id":"https:\/\/maison.com\/blog\/#website"},"primaryImageOfPage":{"@id":"https:\/\/maison.com\/blog\/eclairage-exterieur-solaire\/#primaryimage"},"image":{"@id":"https:\/\/maison.com\/blog\/eclairage-exterieur-solaire\/#primaryimage"},"thumbnailUrl":"https:\/\/maison.com\/blog\/wp-content\/uploads\/2026\/03\/eclairage-led-solaire-allee-de-jardin.jpeg","datePublished":"2026-03-24T09:52:14+00:00","author":{"@id":"https:\/\/maison.com\/blog\/#\/schema\/person\/f36f345acc4c7826cbd50f2a1818e74d"},"description":"D\u00e9tecteur de mouvement, puissance en lumens : comment choisir un \u00e9clairage ext\u00e9rieur solaire pour votre jardin, terrasse ou fa\u00e7ade ? Guide","breadcrumb":{"@id":"https:\/\/maison.com\/blog\/eclairage-exterieur-solaire\/#breadcrumb"},"inLanguage":"fr-FR","potentialAction":[{"@type":"ReadAction","target":["https:\/\/maison.com\/blog\/eclairage-exterieur-solaire\/"]}]},{"@type":"ImageObject","inLanguage":"fr-FR","@id":"https:\/\/maison.com\/blog\/eclairage-exterieur-solaire\/#primaryimage","url":"https:\/\/maison.com\/blog\/wp-content\/uploads\/2026\/03\/eclairage-led-solaire-allee-de-jardin.jpeg","contentUrl":"https:\/\/maison.com\/blog\/wp-content\/uploads\/2026\/03\/eclairage-led-solaire-allee-de-jardin.jpeg","width":1376,"height":768},{"@type":"BreadcrumbList","@id":"https:\/\/maison.com\/blog\/eclairage-exterieur-solaire\/#breadcrumb","itemListElement":[{"@type":"ListItem","position":1,"name":"Accueil","item":"https:\/\/maison.com\/blog\/"},{"@type":"ListItem","position":2,"name":"\u00c9clairage ext\u00e9rieur solaire : comment choisir selon l'usage et la puissance"}]},{"@type":"WebSite","@id":"https:\/\/maison.com\/blog\/#website","url":"https:\/\/maison.com\/blog\/","name":"Blog Maison.com","description":"","potentialAction":[{"@type":"SearchAction","target":{"@type":"EntryPoint","urlTemplate":"https:\/\/maison.com\/blog\/?s={search_term_string}"},"query-input":{"@type":"PropertyValueSpecification","valueRequired":true,"valueName":"search_term_string"}}],"inLanguage":"fr-FR"},{"@type":"Person","@id":"https:\/\/maison.com\/blog\/#\/schema\/person\/f36f345acc4c7826cbd50f2a1818e74d","name":"Estelle","image":{"@type":"ImageObject","inLanguage":"fr-FR","@id":"https:\/\/secure.gravatar.com\/avatar\/527e323e730b20c61af29436a56262bbb4a3e4ffb0660b4bf78d3ff690bf02c1?s=96&d=mm&r=g","url":"https:\/\/secure.gravatar.com\/avatar\/527e323e730b20c61af29436a56262bbb4a3e4ffb0660b4bf78d3ff690bf02c1?s=96&d=mm&r=g","contentUrl":"https:\/\/secure.gravatar.com\/avatar\/527e323e730b20c61af29436a56262bbb4a3e4ffb0660b4bf78d3ff690bf02c1?s=96&d=mm&r=g","caption":"Estelle"},"sameAs":["https:\/\/maison.com\/blog"],"url":"https:\/\/maison.com\/blog\/author\/scunadmin\/"}]}},"_links":{"self":[{"href":"https:\/\/maison.com\/blog\/wp-json\/wp\/v2\/posts\/425","targetHints":{"allow":["GET"]}}],"collection":[{"href":"https:\/\/maison.com\/blog\/wp-json\/wp\/v2\/posts"}],"about":[{"href":"https:\/\/maison.com\/blog\/wp-json\/wp\/v2\/types\/post"}],"author":[{"embeddable":true,"href":"https:\/\/maison.com\/blog\/wp-json\/wp\/v2\/users\/1"}],"replies":[{"embeddable":true,"href":"https:\/\/maison.com\/blog\/wp-json\/wp\/v2\/comments?post=425"}],"version-history":[{"count":2,"href":"https:\/\/maison.com\/blog\/wp-json\/wp\/v2\/posts\/425\/revisions"}],"predecessor-version":[{"id":429,"href":"https:\/\/maison.com\/blog\/wp-json\/wp\/v2\/posts\/425\/revisions\/429"}],"wp:featuredmedia":[{"embeddable":true,"href":"https:\/\/maison.com\/blog\/wp-json\/wp\/v2\/media\/427"}],"wp:attachment":[{"href":"https:\/\/maison.com\/blog\/wp-json\/wp\/v2\/media?parent=425"}],"wp:term":[{"taxonomy":"category","embeddable":true,"href":"https:\/\/maison.com\/blog\/wp-json\/wp\/v2\/categories?post=425"},{"taxonomy":"post_tag","embeddable":true,"href":"https:\/\/maison.com\/blog\/wp-json\/wp\/v2\/tags?post=425"}],"curies":[{"name":"wp","href":"https:\/\/api.w.org\/{rel}","templated":true}]}}