{"id":411,"date":"2026-03-12T10:04:23","date_gmt":"2026-03-12T09:04:23","guid":{"rendered":"https:\/\/maison.com\/blog\/?p=411"},"modified":"2026-03-12T10:04:23","modified_gmt":"2026-03-12T09:04:23","slug":"isolation-phonique-plafond","status":"publish","type":"post","link":"https:\/\/maison.com\/blog\/isolation-phonique-plafond\/","title":{"rendered":"Isolation phonique du plafond : les solutions efficaces contre les bruits de l'\u00e9tage sup\u00e9rieur"},"content":{"rendered":"<p class=\"font-claude-response-body break-words whitespace-normal leading-[1.7]\">Pour att\u00e9nuer les nuisances sonores provenant d'un logement situ\u00e9 en dessus, <strong>l'isolation phonique du plafond<\/strong> est la solution la plus directe quand il est impossible d'intervenir chez son voisin. Elle consiste \u00e0 cr\u00e9er une barri\u00e8re acoustique entre votre plafond existant et votre espace de vie, en combinant une structure d\u00e9solidaris\u00e9e du b\u00e2ti et un mat\u00e9riau isolant adapt\u00e9 au type de bruit \u00e0 traiter.<\/p>\n<p class=\"font-claude-response-body break-words whitespace-normal leading-[1.7]\">Le r\u00e9sultat d\u00e9pend de deux crit\u00e8res majeurs : la technique de pose retenue et la nature de l'isolant utilis\u00e9. Voici ce qu'il faut savoir avant de se lancer.<\/p>\n<p><iframe loading=\"lazy\" title=\"Comment am\u00e9liorer l&#039;isolation acoustique de son logement ?\" width=\"500\" height=\"281\" src=\"https:\/\/www.youtube.com\/embed\/ER-mvGoOL9w?feature=oembed\" frameborder=\"0\" allow=\"accelerometer; autoplay; clipboard-write; encrypted-media; gyroscope; picture-in-picture; web-share\" referrerpolicy=\"strict-origin-when-cross-origin\" allowfullscreen><\/iframe><\/p>\n<h2 class=\"text-text-100 mt-3 -mb-1 text-[1.125rem] font-bold\">Isolation phonique plafond : quels types de bruit faut-il traiter en priorit\u00e9 ?<\/h2>\n<p class=\"font-claude-response-body break-words whitespace-normal leading-[1.7]\">Avant de choisir une technique, il faut identifier la nature des nuisances. Les bruits qui traversent un plafond ne se comportent pas de la m\u00eame fa\u00e7on et ne r\u00e9clament pas les m\u00eames rem\u00e8des.<\/p>\n<p class=\"font-claude-response-body break-words whitespace-normal leading-[1.7]\">Voici les trois cat\u00e9gories \u00e0 distinguer :<\/p>\n<ul class=\"[li_&amp;]:mb-0 [li_&amp;]:mt-1 [li_&amp;]:gap-1 [&amp;:not(:last-child)_ul]:pb-1 [&amp;:not(:last-child)_ol]:pb-1 list-disc flex flex-col gap-1 pl-8 mb-3\">\n<li class=\"whitespace-normal break-words pl-2\">Les <strong>bruits a\u00e9riens<\/strong> (voix, t\u00e9l\u00e9vision, musique) se propagent dans l'air et franchissent les parois par vibration de la structure ;<\/li>\n<li class=\"whitespace-normal break-words pl-2\">Les <strong>bruits d'impact<\/strong> (pas, chaises d\u00e9plac\u00e9es, chutes d'objets) naissent d'un choc direct sur le plancher et se transmettent m\u00e9caniquement par la masse du b\u00e2ti ;<\/li>\n<li class=\"whitespace-normal break-words pl-2\">Les <strong>bruits solidiens<\/strong> correspondent aux vibrations qui parcourent la charpente ou la dalle b\u00e9ton avant de rayonner dans la pi\u00e8ce en dessous.<\/li>\n<\/ul>\n<p class=\"font-claude-response-body break-words whitespace-normal leading-[1.7]\">Cette distinction est d\u00e9terminante. Un mat\u00e9riau tr\u00e8s performant contre les bruits a\u00e9riens peut se r\u00e9v\u00e9ler insuffisant face aux bruits d'impact, et inversement. C'est pourquoi il vaut mieux identifier la source des nuisances avant de comparer les solutions.<\/p>\n<h2 class=\"text-text-100 mt-3 -mb-1 text-[1.125rem] font-bold\">Faux plafond phonique : suspendu ou autoportant, laquelle des deux techniques choisir ?<\/h2>\n<p class=\"font-claude-response-body break-words whitespace-normal leading-[1.7]\">La solution la plus efficace pour l'isolation phonique d'un plafond reste la pose d'un faux plafond. Deux variantes principales existent, avec des performances et des contraintes diff\u00e9rentes.<\/p>\n<h3 class=\"text-text-100 mt-2 -mb-1 text-base font-bold\">Le faux plafond suspendu<\/h3>\n<p class=\"font-claude-response-body break-words whitespace-normal leading-[1.7]\">Le faux plafond suspendu consiste \u00e0 fixer une ossature m\u00e9tallique au plafond existant \u00e0 l'aide de suspentes. Le vide ainsi cr\u00e9\u00e9 (le pl\u00e9num) est garni d'un isolant phonique, puis ferm\u00e9 par des plaques de pl\u00e2tre phoniques. Pour optimiser l'efficacit\u00e9 contre les bruits d'impact, il est recommand\u00e9 d'utiliser des suspentes anti-vibratiles, qui limitent la transmission m\u00e9canique entre la structure du plancher et le nouveau plafond. La perte de hauteur est g\u00e9n\u00e9ralement comprise entre 8 et 15 cm selon l'\u00e9paisseur de l'isolant retenu.<\/p>\n<h3 class=\"text-text-100 mt-2 -mb-1 text-base font-bold\">Le faux plafond autoportant<\/h3>\n<p class=\"font-claude-response-body break-words whitespace-normal leading-[1.7]\">Le faux plafond autoportant repose sur une ossature fix\u00e9e aux murs porteurs uniquement, sans aucun contact avec le plafond existant. Cette d\u00e9solidarisation totale emp\u00eache le bruit d'impact de cheminer directement vers le nouveau plafond. C'est la technique qui offre les meilleures performances acoustiques, en particulier pour les bruits d'impact et les vibrations structurelles. Elle est particuli\u00e8rement adapt\u00e9e \u00e0 la r\u00e9novation d'appartements anciens dont le plancher en bois transmet facilement les chocs. Son inconv\u00e9nient principal est une perte de hauteur plus importante et une mise en \u0153uvre plus complexe.<\/p>\n<p class=\"font-claude-response-body break-words whitespace-normal leading-[1.7]\">\u00c0 noter : dans les deux cas, le bruit peut continuer \u00e0 se propager par les parois verticales (transmission lat\u00e9rale ou indirecte). Si les nuisances persistent malgr\u00e9 un plafond bien trait\u00e9, une <a class=\"underline underline underline-offset-2 decoration-1 decoration-current\/40 hover:decoration-current focus:decoration-current\" href=\"https:\/\/maison.com\/blog\/isolation-interieure-des-murs\/\">isolation phonique des murs<\/a> peut s'av\u00e9rer n\u00e9cessaire pour atteindre un confort acoustique r\u00e9el.<\/p>\n<h2 class=\"text-text-100 mt-3 -mb-1 text-[1.125rem] font-bold\">Isolation phonique du plafond : quels mat\u00e9riaux isolants choisir ?<\/h2>\n<p class=\"font-claude-response-body break-words whitespace-normal leading-[1.7]\">Le choix de l'isolant conditionne directement les performances du faux plafond. Trois indicateurs permettent de comparer les mat\u00e9riaux : l'indice Rw mesure la r\u00e9duction des bruits a\u00e9riens, l'indice Lw \u00e9value l'att\u00e9nuation des bruits d'impact, et le coefficient \u03b1w mesure l'absorption acoustique interne (r\u00e9duction de la r\u00e9verb\u00e9ration dans la pi\u00e8ce).<\/p>\n<p class=\"font-claude-response-body break-words whitespace-normal leading-[1.7]\">Le tableau ci-dessous compare les isolants les plus utilis\u00e9s pour l'isolation phonique d'un plafond :<\/p>\n<div class=\"overflow-x-auto w-full px-2 mb-6\">\n<table class=\"min-w-full border-collapse text-sm leading-[1.7] whitespace-normal\">\n<thead class=\"text-left\">\n<tr>\n<th class=\"text-text-100 border-b-0.5 border-border-300\/60 py-2 pr-4 align-top font-bold\" scope=\"col\">Mat\u00e9riau<\/th>\n<th class=\"text-text-100 border-b-0.5 border-border-300\/60 py-2 pr-4 align-top font-bold\" scope=\"col\">Points forts<\/th>\n<th class=\"text-text-100 border-b-0.5 border-border-300\/60 py-2 pr-4 align-top font-bold\" scope=\"col\">Bruits a\u00e9riens<\/th>\n<th class=\"text-text-100 border-b-0.5 border-border-300\/60 py-2 pr-4 align-top font-bold\" scope=\"col\">Bruits d'impact<\/th>\n<th class=\"text-text-100 border-b-0.5 border-border-300\/60 py-2 pr-4 align-top font-bold\" scope=\"col\">Format<\/th>\n<\/tr>\n<\/thead>\n<tbody>\n<tr>\n<td class=\"border-b-0.5 border-border-300\/30 py-2 pr-4 align-top\">Laine de roche<\/td>\n<td class=\"border-b-0.5 border-border-300\/30 py-2 pr-4 align-top\">Tr\u00e8s performante, r\u00e9sistante au feu<\/td>\n<td class=\"border-b-0.5 border-border-300\/30 py-2 pr-4 align-top\">Excellent<\/td>\n<td class=\"border-b-0.5 border-border-300\/30 py-2 pr-4 align-top\">Bon<\/td>\n<td class=\"border-b-0.5 border-border-300\/30 py-2 pr-4 align-top\">Panneaux, rouleaux<\/td>\n<\/tr>\n<tr>\n<td class=\"border-b-0.5 border-border-300\/30 py-2 pr-4 align-top\">Laine de verre<\/td>\n<td class=\"border-b-0.5 border-border-300\/30 py-2 pr-4 align-top\">Bon rapport qualit\u00e9\/prix<\/td>\n<td class=\"border-b-0.5 border-border-300\/30 py-2 pr-4 align-top\">Bon<\/td>\n<td class=\"border-b-0.5 border-border-300\/30 py-2 pr-4 align-top\">Correct<\/td>\n<td class=\"border-b-0.5 border-border-300\/30 py-2 pr-4 align-top\">Panneaux, rouleaux<\/td>\n<\/tr>\n<tr>\n<td class=\"border-b-0.5 border-border-300\/30 py-2 pr-4 align-top\">Ouate de cellulose<\/td>\n<td class=\"border-b-0.5 border-border-300\/30 py-2 pr-4 align-top\">Biosourc\u00e9e, excellente absorption<\/td>\n<td class=\"border-b-0.5 border-border-300\/30 py-2 pr-4 align-top\">Excellent<\/td>\n<td class=\"border-b-0.5 border-border-300\/30 py-2 pr-4 align-top\">Bon<\/td>\n<td class=\"border-b-0.5 border-border-300\/30 py-2 pr-4 align-top\">Vrac, panneaux<\/td>\n<\/tr>\n<tr>\n<td class=\"border-b-0.5 border-border-300\/30 py-2 pr-4 align-top\">Fibre de bois<\/td>\n<td class=\"border-b-0.5 border-border-300\/30 py-2 pr-4 align-top\">Biosourc\u00e9e, bon d\u00e9phasage<\/td>\n<td class=\"border-b-0.5 border-border-300\/30 py-2 pr-4 align-top\">Bon<\/td>\n<td class=\"border-b-0.5 border-border-300\/30 py-2 pr-4 align-top\">Bon<\/td>\n<td class=\"border-b-0.5 border-border-300\/30 py-2 pr-4 align-top\">Panneaux semi-rigides<\/td>\n<\/tr>\n<tr>\n<td class=\"border-b-0.5 border-border-300\/30 py-2 pr-4 align-top\">Li\u00e8ge expans\u00e9<\/td>\n<td class=\"border-b-0.5 border-border-300\/30 py-2 pr-4 align-top\">L\u00e9ger, facile \u00e0 poser<\/td>\n<td class=\"border-b-0.5 border-border-300\/30 py-2 pr-4 align-top\">Correct<\/td>\n<td class=\"border-b-0.5 border-border-300\/30 py-2 pr-4 align-top\">Bon<\/td>\n<td class=\"border-b-0.5 border-border-300\/30 py-2 pr-4 align-top\">Panneaux, rouleaux<\/td>\n<\/tr>\n<\/tbody>\n<\/table>\n<\/div>\n<p class=\"font-claude-response-body break-words whitespace-normal leading-[1.7]\">La <strong>laine de roche<\/strong> combin\u00e9e \u00e0 un faux plafond suspendu avec suspentes anti-vibratiles reste la configuration la plus \u00e9quilibr\u00e9e pour traiter simultan\u00e9ment bruits a\u00e9riens et bruits d'impact. La <strong>ouate de cellulose<\/strong> constitue une excellente alternative biosourc\u00e9e, avec des performances proches et un comportement int\u00e9ressant sur l'absorption interne.<\/p>\n<h2 class=\"text-text-100 mt-3 -mb-1 text-[1.125rem] font-bold\">Isolation phonique du plafond : \u00e0 quel prix s'attendre ?<\/h2>\n<p class=\"font-claude-response-body break-words whitespace-normal leading-[1.7]\">Le co\u00fbt d'une <strong>isolation acoustique du plafond<\/strong> varie selon la technique retenue, la surface \u00e0 traiter et la complexit\u00e9 du chantier. Voici les fourchettes g\u00e9n\u00e9ralement constat\u00e9es, pose comprise :<\/p>\n<ul class=\"[li_&amp;]:mb-0 [li_&amp;]:mt-1 [li_&amp;]:gap-1 [&amp;:not(:last-child)_ul]:pb-1 [&amp;:not(:last-child)_ol]:pb-1 list-disc flex flex-col gap-1 pl-8 mb-3\">\n<li class=\"whitespace-normal break-words pl-2\">Faux plafond suspendu avec isolant phonique : de 45 \u00e0 70 \u20ac\/m\u00b2 en moyenne ;<\/li>\n<li class=\"whitespace-normal break-words pl-2\">Faux plafond autoportant (principe bo\u00eete dans la bo\u00eete) : de 70 \u00e0 120 \u20ac\/m\u00b2 selon la configuration ;<\/li>\n<li class=\"whitespace-normal break-words pl-2\">Panneaux acoustiques coll\u00e9s ou viss\u00e9s directement au plafond existant : de 20 \u00e0 40 \u20ac\/m\u00b2, pour une efficacit\u00e9 plus limit\u00e9e.<\/li>\n<\/ul>\n<p class=\"font-claude-response-body break-words whitespace-normal leading-[1.7]\">Ces tarifs sont indicatifs et peuvent varier en fonction de la r\u00e9gion, de l'accessibilit\u00e9 du chantier, de la pr\u00e9sence de poutrelles ou de la hauteur sous plafond. Plusieurs devis comparatifs restent indispensables avant de s'engager.<\/p>\n<p class=\"font-claude-response-body break-words whitespace-normal leading-[1.7]\">Pour les maisons individuelles o\u00f9 le plancher de l'\u00e9tage sup\u00e9rieur est accessible, il peut \u00eatre plus judicieux (et moins co\u00fbteux) d'agir \u00e0 la source directement. L'<a class=\"underline underline underline-offset-2 decoration-1 decoration-current\/40 hover:decoration-current focus:decoration-current\" href=\"https:\/\/maison.com\/architecture\/interieur\/isolation-acoustique-plancher-combles-5134\/\">isolation acoustique du plancher<\/a> est parfois plus efficace que de traiter le plafond en dessous, notamment pour les bruits d'impact.<\/p>\n<h2 class=\"text-text-100 mt-3 -mb-1 text-[1.125rem] font-bold\">Isolation phonique du plafond et aides financi\u00e8res : peut-on \u00eatre rembours\u00e9 ?<\/h2>\n<p class=\"font-claude-response-body break-words whitespace-normal leading-[1.7]\">Une isolation strictement phonique du plafond n'ouvre pas droit aux aides financi\u00e8res classiques : MaPrimeR\u00e9nov', \u00e9co-pr\u00eat \u00e0 taux z\u00e9ro et CEE sont r\u00e9serv\u00e9s aux travaux d'isolation thermique r\u00e9pondant \u00e0 des seuils de performance \u00e9nerg\u00e9tique d\u00e9finis par la r\u00e9glementation.<\/p>\n<p class=\"font-claude-response-body break-words whitespace-normal leading-[1.7]\">En revanche, si les travaux combinent isolation thermique et phonique (ce qui est souvent le cas avec un faux plafond garni de laine de roche ou de ouate de cellulose), une \u00e9ligibilit\u00e9 partielle aux aides est possible. Elle est conditionn\u00e9e au fait que l'isolation concerne des combles am\u00e9nageables ou perdus, que les seuils de r\u00e9sistance thermique R soient atteints, et que les travaux soient r\u00e9alis\u00e9s par un professionnel RGE (Reconnu Garant de l'Environnement). Dans tous les autres cas, l'investissement reste enti\u00e8rement \u00e0 la charge du propri\u00e9taire ou du locataire.<\/p>\n","protected":false},"excerpt":{"rendered":"<p>Pour att\u00e9nuer les nuisances sonores provenant d'un logement situ\u00e9 en dessus, l'isolation phonique du plafond est la solution la plus directe quand il est impossible d'intervenir chez son voisin. Elle consiste \u00e0 cr\u00e9er une barri\u00e8re acoustique entre votre plafond existant et votre espace de vie, en combinant une structure d\u00e9solidaris\u00e9e du b\u00e2ti et un mat\u00e9riau [&hellip;]<\/p>\n","protected":false},"author":1,"featured_media":412,"comment_status":"open","ping_status":"open","sticky":false,"template":"","format":"standard","meta":{"footnotes":""},"categories":[1],"tags":[],"class_list":["post-411","post","type-post","status-publish","format-standard","has-post-thumbnail","hentry","category-construction-renovation"],"yoast_head":"<!-- This site is optimized with the Yoast SEO plugin v27.5 - https:\/\/yoast.com\/product\/yoast-seo-wordpress\/ -->\n<title>Isolation phonique du plafond : techniques, mat\u00e9riaux et prix<\/title>\n<meta name=\"description\" content=\"Bruits de pas, chocs, voix du voisin du dessus... D\u00e9couvrez les solutions les plus efficaces pour l&#039;isolation phonique du plafond.\" \/>\n<meta name=\"robots\" content=\"index, follow, max-snippet:-1, max-image-preview:large, max-video-preview:-1\" \/>\n<link rel=\"canonical\" href=\"https:\/\/maison.com\/blog\/isolation-phonique-plafond\/\" \/>\n<meta property=\"og:locale\" content=\"fr_FR\" \/>\n<meta property=\"og:type\" content=\"article\" \/>\n<meta property=\"og:title\" content=\"Isolation phonique du plafond : techniques, mat\u00e9riaux et prix\" \/>\n<meta property=\"og:description\" content=\"Bruits de pas, chocs, voix du voisin du dessus... D\u00e9couvrez les solutions les plus efficaces pour l&#039;isolation phonique du plafond.\" \/>\n<meta property=\"og:url\" content=\"https:\/\/maison.com\/blog\/isolation-phonique-plafond\/\" \/>\n<meta property=\"og:site_name\" content=\"Blog Maison.com\" \/>\n<meta property=\"article:published_time\" content=\"2026-03-12T09:04:23+00:00\" \/>\n<meta property=\"og:image\" content=\"https:\/\/maison.com\/blog\/wp-content\/uploads\/2026\/03\/Isolation-phonique-du-plafond.jpeg\" \/>\n\t<meta property=\"og:image:width\" content=\"1376\" \/>\n\t<meta property=\"og:image:height\" content=\"768\" \/>\n\t<meta property=\"og:image:type\" content=\"image\/jpeg\" \/>\n<meta name=\"author\" content=\"Estelle\" \/>\n<meta name=\"twitter:card\" content=\"summary_large_image\" \/>\n<meta name=\"twitter:label1\" content=\"\u00c9crit par\" \/>\n\t<meta name=\"twitter:data1\" content=\"Estelle\" \/>\n\t<meta name=\"twitter:label2\" content=\"Dur\u00e9e de lecture estim\u00e9e\" \/>\n\t<meta name=\"twitter:data2\" content=\"6 minutes\" \/>\n<script type=\"application\/ld+json\" class=\"yoast-schema-graph\">{\"@context\":\"https:\\\/\\\/schema.org\",\"@graph\":[{\"@type\":\"Article\",\"@id\":\"https:\\\/\\\/maison.com\\\/blog\\\/isolation-phonique-plafond\\\/#article\",\"isPartOf\":{\"@id\":\"https:\\\/\\\/maison.com\\\/blog\\\/isolation-phonique-plafond\\\/\"},\"author\":{\"name\":\"Estelle\",\"@id\":\"https:\\\/\\\/maison.com\\\/blog\\\/#\\\/schema\\\/person\\\/f36f345acc4c7826cbd50f2a1818e74d\"},\"headline\":\"Isolation phonique du plafond : les solutions efficaces contre les bruits de l'\u00e9tage sup\u00e9rieur\",\"datePublished\":\"2026-03-12T09:04:23+00:00\",\"mainEntityOfPage\":{\"@id\":\"https:\\\/\\\/maison.com\\\/blog\\\/isolation-phonique-plafond\\\/\"},\"wordCount\":1130,\"commentCount\":0,\"image\":{\"@id\":\"https:\\\/\\\/maison.com\\\/blog\\\/isolation-phonique-plafond\\\/#primaryimage\"},\"thumbnailUrl\":\"https:\\\/\\\/maison.com\\\/blog\\\/wp-content\\\/uploads\\\/2026\\\/03\\\/Isolation-phonique-du-plafond.jpeg\",\"articleSection\":[\"Construction\\\/r\u00e9novation\"],\"inLanguage\":\"fr-FR\",\"potentialAction\":[{\"@type\":\"CommentAction\",\"name\":\"Comment\",\"target\":[\"https:\\\/\\\/maison.com\\\/blog\\\/isolation-phonique-plafond\\\/#respond\"]}]},{\"@type\":\"WebPage\",\"@id\":\"https:\\\/\\\/maison.com\\\/blog\\\/isolation-phonique-plafond\\\/\",\"url\":\"https:\\\/\\\/maison.com\\\/blog\\\/isolation-phonique-plafond\\\/\",\"name\":\"Isolation phonique du plafond : techniques, mat\u00e9riaux et prix\",\"isPartOf\":{\"@id\":\"https:\\\/\\\/maison.com\\\/blog\\\/#website\"},\"primaryImageOfPage\":{\"@id\":\"https:\\\/\\\/maison.com\\\/blog\\\/isolation-phonique-plafond\\\/#primaryimage\"},\"image\":{\"@id\":\"https:\\\/\\\/maison.com\\\/blog\\\/isolation-phonique-plafond\\\/#primaryimage\"},\"thumbnailUrl\":\"https:\\\/\\\/maison.com\\\/blog\\\/wp-content\\\/uploads\\\/2026\\\/03\\\/Isolation-phonique-du-plafond.jpeg\",\"datePublished\":\"2026-03-12T09:04:23+00:00\",\"author\":{\"@id\":\"https:\\\/\\\/maison.com\\\/blog\\\/#\\\/schema\\\/person\\\/f36f345acc4c7826cbd50f2a1818e74d\"},\"description\":\"Bruits de pas, chocs, voix du voisin du dessus... D\u00e9couvrez les solutions les plus efficaces pour l'isolation phonique du plafond.\",\"breadcrumb\":{\"@id\":\"https:\\\/\\\/maison.com\\\/blog\\\/isolation-phonique-plafond\\\/#breadcrumb\"},\"inLanguage\":\"fr-FR\",\"potentialAction\":[{\"@type\":\"ReadAction\",\"target\":[\"https:\\\/\\\/maison.com\\\/blog\\\/isolation-phonique-plafond\\\/\"]}]},{\"@type\":\"ImageObject\",\"inLanguage\":\"fr-FR\",\"@id\":\"https:\\\/\\\/maison.com\\\/blog\\\/isolation-phonique-plafond\\\/#primaryimage\",\"url\":\"https:\\\/\\\/maison.com\\\/blog\\\/wp-content\\\/uploads\\\/2026\\\/03\\\/Isolation-phonique-du-plafond.jpeg\",\"contentUrl\":\"https:\\\/\\\/maison.com\\\/blog\\\/wp-content\\\/uploads\\\/2026\\\/03\\\/Isolation-phonique-du-plafond.jpeg\",\"width\":1376,\"height\":768},{\"@type\":\"BreadcrumbList\",\"@id\":\"https:\\\/\\\/maison.com\\\/blog\\\/isolation-phonique-plafond\\\/#breadcrumb\",\"itemListElement\":[{\"@type\":\"ListItem\",\"position\":1,\"name\":\"Accueil\",\"item\":\"https:\\\/\\\/maison.com\\\/blog\\\/\"},{\"@type\":\"ListItem\",\"position\":2,\"name\":\"Isolation phonique du plafond : les solutions efficaces contre les bruits de l'\u00e9tage sup\u00e9rieur\"}]},{\"@type\":\"WebSite\",\"@id\":\"https:\\\/\\\/maison.com\\\/blog\\\/#website\",\"url\":\"https:\\\/\\\/maison.com\\\/blog\\\/\",\"name\":\"Blog Maison.com\",\"description\":\"\",\"potentialAction\":[{\"@type\":\"SearchAction\",\"target\":{\"@type\":\"EntryPoint\",\"urlTemplate\":\"https:\\\/\\\/maison.com\\\/blog\\\/?s={search_term_string}\"},\"query-input\":{\"@type\":\"PropertyValueSpecification\",\"valueRequired\":true,\"valueName\":\"search_term_string\"}}],\"inLanguage\":\"fr-FR\"},{\"@type\":\"Person\",\"@id\":\"https:\\\/\\\/maison.com\\\/blog\\\/#\\\/schema\\\/person\\\/f36f345acc4c7826cbd50f2a1818e74d\",\"name\":\"Estelle\",\"image\":{\"@type\":\"ImageObject\",\"inLanguage\":\"fr-FR\",\"@id\":\"https:\\\/\\\/secure.gravatar.com\\\/avatar\\\/527e323e730b20c61af29436a56262bbb4a3e4ffb0660b4bf78d3ff690bf02c1?s=96&d=mm&r=g\",\"url\":\"https:\\\/\\\/secure.gravatar.com\\\/avatar\\\/527e323e730b20c61af29436a56262bbb4a3e4ffb0660b4bf78d3ff690bf02c1?s=96&d=mm&r=g\",\"contentUrl\":\"https:\\\/\\\/secure.gravatar.com\\\/avatar\\\/527e323e730b20c61af29436a56262bbb4a3e4ffb0660b4bf78d3ff690bf02c1?s=96&d=mm&r=g\",\"caption\":\"Estelle\"},\"sameAs\":[\"https:\\\/\\\/maison.com\\\/blog\"],\"url\":\"https:\\\/\\\/maison.com\\\/blog\\\/author\\\/scunadmin\\\/\"}]}<\/script>\n<!-- \/ Yoast SEO plugin. -->","yoast_head_json":{"title":"Isolation phonique du plafond : techniques, mat\u00e9riaux et prix","description":"Bruits de pas, chocs, voix du voisin du dessus... D\u00e9couvrez les solutions les plus efficaces pour l'isolation phonique du plafond.","robots":{"index":"index","follow":"follow","max-snippet":"max-snippet:-1","max-image-preview":"max-image-preview:large","max-video-preview":"max-video-preview:-1"},"canonical":"https:\/\/maison.com\/blog\/isolation-phonique-plafond\/","og_locale":"fr_FR","og_type":"article","og_title":"Isolation phonique du plafond : techniques, mat\u00e9riaux et prix","og_description":"Bruits de pas, chocs, voix du voisin du dessus... D\u00e9couvrez les solutions les plus efficaces pour l'isolation phonique du plafond.","og_url":"https:\/\/maison.com\/blog\/isolation-phonique-plafond\/","og_site_name":"Blog Maison.com","article_published_time":"2026-03-12T09:04:23+00:00","og_image":[{"width":1376,"height":768,"url":"https:\/\/maison.com\/blog\/wp-content\/uploads\/2026\/03\/Isolation-phonique-du-plafond.jpeg","type":"image\/jpeg"}],"author":"Estelle","twitter_card":"summary_large_image","twitter_misc":{"\u00c9crit par":"Estelle","Dur\u00e9e de lecture estim\u00e9e":"6 minutes"},"schema":{"@context":"https:\/\/schema.org","@graph":[{"@type":"Article","@id":"https:\/\/maison.com\/blog\/isolation-phonique-plafond\/#article","isPartOf":{"@id":"https:\/\/maison.com\/blog\/isolation-phonique-plafond\/"},"author":{"name":"Estelle","@id":"https:\/\/maison.com\/blog\/#\/schema\/person\/f36f345acc4c7826cbd50f2a1818e74d"},"headline":"Isolation phonique du plafond : les solutions efficaces contre les bruits de l'\u00e9tage sup\u00e9rieur","datePublished":"2026-03-12T09:04:23+00:00","mainEntityOfPage":{"@id":"https:\/\/maison.com\/blog\/isolation-phonique-plafond\/"},"wordCount":1130,"commentCount":0,"image":{"@id":"https:\/\/maison.com\/blog\/isolation-phonique-plafond\/#primaryimage"},"thumbnailUrl":"https:\/\/maison.com\/blog\/wp-content\/uploads\/2026\/03\/Isolation-phonique-du-plafond.jpeg","articleSection":["Construction\/r\u00e9novation"],"inLanguage":"fr-FR","potentialAction":[{"@type":"CommentAction","name":"Comment","target":["https:\/\/maison.com\/blog\/isolation-phonique-plafond\/#respond"]}]},{"@type":"WebPage","@id":"https:\/\/maison.com\/blog\/isolation-phonique-plafond\/","url":"https:\/\/maison.com\/blog\/isolation-phonique-plafond\/","name":"Isolation phonique du plafond : techniques, mat\u00e9riaux et prix","isPartOf":{"@id":"https:\/\/maison.com\/blog\/#website"},"primaryImageOfPage":{"@id":"https:\/\/maison.com\/blog\/isolation-phonique-plafond\/#primaryimage"},"image":{"@id":"https:\/\/maison.com\/blog\/isolation-phonique-plafond\/#primaryimage"},"thumbnailUrl":"https:\/\/maison.com\/blog\/wp-content\/uploads\/2026\/03\/Isolation-phonique-du-plafond.jpeg","datePublished":"2026-03-12T09:04:23+00:00","author":{"@id":"https:\/\/maison.com\/blog\/#\/schema\/person\/f36f345acc4c7826cbd50f2a1818e74d"},"description":"Bruits de pas, chocs, voix du voisin du dessus... D\u00e9couvrez les solutions les plus efficaces pour l'isolation phonique du plafond.","breadcrumb":{"@id":"https:\/\/maison.com\/blog\/isolation-phonique-plafond\/#breadcrumb"},"inLanguage":"fr-FR","potentialAction":[{"@type":"ReadAction","target":["https:\/\/maison.com\/blog\/isolation-phonique-plafond\/"]}]},{"@type":"ImageObject","inLanguage":"fr-FR","@id":"https:\/\/maison.com\/blog\/isolation-phonique-plafond\/#primaryimage","url":"https:\/\/maison.com\/blog\/wp-content\/uploads\/2026\/03\/Isolation-phonique-du-plafond.jpeg","contentUrl":"https:\/\/maison.com\/blog\/wp-content\/uploads\/2026\/03\/Isolation-phonique-du-plafond.jpeg","width":1376,"height":768},{"@type":"BreadcrumbList","@id":"https:\/\/maison.com\/blog\/isolation-phonique-plafond\/#breadcrumb","itemListElement":[{"@type":"ListItem","position":1,"name":"Accueil","item":"https:\/\/maison.com\/blog\/"},{"@type":"ListItem","position":2,"name":"Isolation phonique du plafond : les solutions efficaces contre les bruits de l'\u00e9tage sup\u00e9rieur"}]},{"@type":"WebSite","@id":"https:\/\/maison.com\/blog\/#website","url":"https:\/\/maison.com\/blog\/","name":"Blog Maison.com","description":"","potentialAction":[{"@type":"SearchAction","target":{"@type":"EntryPoint","urlTemplate":"https:\/\/maison.com\/blog\/?s={search_term_string}"},"query-input":{"@type":"PropertyValueSpecification","valueRequired":true,"valueName":"search_term_string"}}],"inLanguage":"fr-FR"},{"@type":"Person","@id":"https:\/\/maison.com\/blog\/#\/schema\/person\/f36f345acc4c7826cbd50f2a1818e74d","name":"Estelle","image":{"@type":"ImageObject","inLanguage":"fr-FR","@id":"https:\/\/secure.gravatar.com\/avatar\/527e323e730b20c61af29436a56262bbb4a3e4ffb0660b4bf78d3ff690bf02c1?s=96&d=mm&r=g","url":"https:\/\/secure.gravatar.com\/avatar\/527e323e730b20c61af29436a56262bbb4a3e4ffb0660b4bf78d3ff690bf02c1?s=96&d=mm&r=g","contentUrl":"https:\/\/secure.gravatar.com\/avatar\/527e323e730b20c61af29436a56262bbb4a3e4ffb0660b4bf78d3ff690bf02c1?s=96&d=mm&r=g","caption":"Estelle"},"sameAs":["https:\/\/maison.com\/blog"],"url":"https:\/\/maison.com\/blog\/author\/scunadmin\/"}]}},"_links":{"self":[{"href":"https:\/\/maison.com\/blog\/wp-json\/wp\/v2\/posts\/411","targetHints":{"allow":["GET"]}}],"collection":[{"href":"https:\/\/maison.com\/blog\/wp-json\/wp\/v2\/posts"}],"about":[{"href":"https:\/\/maison.com\/blog\/wp-json\/wp\/v2\/types\/post"}],"author":[{"embeddable":true,"href":"https:\/\/maison.com\/blog\/wp-json\/wp\/v2\/users\/1"}],"replies":[{"embeddable":true,"href":"https:\/\/maison.com\/blog\/wp-json\/wp\/v2\/comments?post=411"}],"version-history":[{"count":1,"href":"https:\/\/maison.com\/blog\/wp-json\/wp\/v2\/posts\/411\/revisions"}],"predecessor-version":[{"id":413,"href":"https:\/\/maison.com\/blog\/wp-json\/wp\/v2\/posts\/411\/revisions\/413"}],"wp:featuredmedia":[{"embeddable":true,"href":"https:\/\/maison.com\/blog\/wp-json\/wp\/v2\/media\/412"}],"wp:attachment":[{"href":"https:\/\/maison.com\/blog\/wp-json\/wp\/v2\/media?parent=411"}],"wp:term":[{"taxonomy":"category","embeddable":true,"href":"https:\/\/maison.com\/blog\/wp-json\/wp\/v2\/categories?post=411"},{"taxonomy":"post_tag","embeddable":true,"href":"https:\/\/maison.com\/blog\/wp-json\/wp\/v2\/tags?post=411"}],"curies":[{"name":"wp","href":"https:\/\/api.w.org\/{rel}","templated":true}]}}